{"id":38743,"date":"2026-03-02T11:09:46","date_gmt":"2026-03-02T10:09:46","guid":{"rendered":"https:\/\/leocare.eu\/fr\/?p=38743"},"modified":"2026-03-02T11:09:48","modified_gmt":"2026-03-02T10:09:48","slug":"rappel-volkswagen-id-3-id-7-id-buzz-et-id-buzz-cargo-risque-incendie-batterie","status":"publish","type":"post","link":"https:\/\/leocare.eu\/fr\/blog\/rappel-volkswagen-id-3-id-7-id-buzz-et-id-buzz-cargo-risque-incendie-batterie\/","title":{"rendered":"Rappel Volkswagen ID.3, ID.7, ID. Buzz et ID. Buzz Cargo : un risque d&rsquo;incendie li\u00e9 \u00e0 la batterie"},"content":{"rendered":"\n<p>Vous \u00eates propri\u00e9taire d&rsquo;une Volkswagen \u00e9lectrique de la gamme ID ? Cette information pourrait vous concerner directement. Le constructeur allemand a lanc\u00e9 un rappel sur plusieurs mod\u00e8les de sa gamme \u00e9lectrique, produits entre septembre 2023 et mars 2024, en raison d&rsquo;un d\u00e9faut de batterie pouvant provoquer un incendie. L&rsquo;<a href=\"https:\/\/leocare.eu\/fr\/assurance-auto-en-ligne\/\">assurance auto<\/a> Leocare fait le point.<\/p>\n\n\n\n<h2 class=\"wp-block-heading\">Un d\u00e9faut de batterie haute tension \u00e0 l&rsquo;origine du rappel<\/h2>\n\n\n\n<p>Le probl\u00e8me identifi\u00e9 sur ces Volkswagen ID touche directement la batterie haute tension, le composant qui stocke l&rsquo;\u00e9nergie et alimente le moteur \u00e9lectrique de votre v\u00e9hicule.<\/p>\n\n\n\n<p><strong>Les cellules de la batterie haute tension peuvent pr\u00e9senter une autod\u00e9charge accrue en raison d&rsquo;une erreur de fabrication.<\/strong> En termes simples, certaines cellules perdent leur charge plus vite que la normale \u00e0 cause d&rsquo;un d\u00e9faut survenu lors de la production. Ce ph\u00e9nom\u00e8ne d&rsquo;autod\u00e9charge anormale n&rsquo;est pas anodin : il g\u00e9n\u00e8re de la chaleur \u00e0 l&rsquo;int\u00e9rieur de la batterie, l\u00e0 o\u00f9 les temp\u00e9ratures doivent rester parfaitement ma\u00eetris\u00e9es pour garantir un fonctionnement s\u00fbr.<\/p>\n\n\n\n<p><strong>Si cette surchauffe n&rsquo;est pas d\u00e9tect\u00e9e \u00e0 temps, elle peut d\u00e9g\u00e9n\u00e9rer en surcharge thermique de la batterie haute tension<\/strong>, un ph\u00e9nom\u00e8ne redout\u00e9 dans le monde des v\u00e9hicules \u00e9lectriques car il peut s&#8217;emballer et provoquer un incendie du v\u00e9hicule. Ce type d&rsquo;incident, bien que rare, est pris tr\u00e8s au s\u00e9rieux par les constructeurs car un feu de batterie est difficile \u00e0 ma\u00eetriser et peut se d\u00e9clencher de mani\u00e8re impr\u00e9visible.<\/p>\n\n\n\n<p><strong>Ce produit n&rsquo;est pas conforme au r\u00e8glement relatif \u00e0 l&rsquo;homologation et \u00e0 la surveillance du march\u00e9 des v\u00e9hicules \u00e0 moteur.<\/strong> Le rappel, entr\u00e9 en vigueur le 6 f\u00e9vrier 2026 sous le code 93MU, a pour objectif de corriger ce d\u00e9faut avant qu&rsquo;un incident ne survienne.<\/p>\n\n\n\n<h2 class=\"wp-block-heading\">Quels mod\u00e8les Volkswagen ID sont concern\u00e9s ?<\/h2>\n\n\n\n<p>Quatre mod\u00e8les de la gamme \u00e9lectrique Volkswagen sont vis\u00e9s par ce rappel. <strong>Les v\u00e9hicules produits entre le 2 septembre 2023 et le 21 mars 2024 sont potentiellement concern\u00e9s<\/strong>, soit environ sept mois de production. Voici le r\u00e9capitulatif :<\/p>\n\n\n\n<figure class=\"wp-block-table\"><table class=\"has-fixed-layout\"><thead><tr><th>Mod\u00e8le<\/th><th>R\u00e9f\u00e9rence<\/th><th>R\u00e9f\u00e9rences CE<\/th><\/tr><\/thead><tbody><tr><td>ID. Buzz<\/td><td>EB<\/td><td>e1<em>2018\/858<\/em>00164*<\/td><\/tr><tr><td>ID. Buzz Cargo<\/td><td>EBN<\/td><td>e1<em>2018\/858<\/em>00165*<\/td><\/tr><tr><td>ID.3<\/td><td>E1<\/td><td>e1<em>2007\/46<\/em>2033*<\/td><\/tr><tr><td>ID.7<\/td><td>ED<\/td><td>e1<em>2018\/858<\/em>00306*<\/td><\/tr><\/tbody><\/table><\/figure>\n\n\n\n<p>La gamme touch\u00e9e est vari\u00e9e : on retrouve aussi bien le monospace \u00e9lectrique ID. Buzz, d\u00e9clin\u00e9 en version passagers et cargo, que la compacte ID.3 et la berline ID.7. <strong>Si vous poss\u00e9dez l&rsquo;un de ces quatre mod\u00e8les et qu&rsquo;il a \u00e9t\u00e9 fabriqu\u00e9 durant cette p\u00e9riode, votre v\u00e9hicule fait potentiellement partie du rappel.<\/strong><\/p>\n\n\n\n<p>Pour le v\u00e9rifier, consultez votre <a href=\"https:\/\/leocare.eu\/fr\/blog\/ou-et-comment-trouver-numero-de-serie-de-sa-voiture\/\">num\u00e9ro VIN<\/a>, ce num\u00e9ro de s\u00e9rie \u00e0 17 caract\u00e8res que vous trouverez sur votre carte grise, \u00e0 la base du pare-brise c\u00f4t\u00e9 conducteur ou sur le montant de la porti\u00e8re. Vous pouvez \u00e9galement comparer les r\u00e9f\u00e9rences CE figurant sur votre carte grise avec celles list\u00e9es dans le tableau. <strong>En cas de doute, un appel \u00e0 votre concessionnaire Volkswagen avec votre VIN sous la main vous donnera une r\u00e9ponse en quelques minutes.<\/strong><\/p>\n\n\n\n<h2 class=\"wp-block-heading\">Quels sont les signes \u00e0 surveiller ?<\/h2>\n\n\n\n<p>Un d\u00e9faut de batterie haute tension ne se manifeste pas toujours de mani\u00e8re \u00e9vidente. Toutefois, certains indices peuvent vous mettre la puce \u00e0 l&rsquo;oreille :<\/p>\n\n\n\n<ul class=\"wp-block-list\">\n<li>Une baisse inhabituelle de l&rsquo;autonomie de votre v\u00e9hicule, qui pourrait indiquer que certaines cellules se d\u00e9chargent plus vite que pr\u00e9vu<\/li>\n\n\n\n<li>Des messages d&rsquo;alerte sur le tableau de bord li\u00e9s au syst\u00e8me de batterie ou de gestion thermique<\/li>\n\n\n\n<li>Des odeurs inhabituelles provenant du dessous du v\u00e9hicule, qui pourraient signaler une surchauffe<\/li>\n\n\n\n<li>Un temps de charge anormalement long ou des interruptions fr\u00e9quentes pendant la recharge<\/li>\n<\/ul>\n\n\n\n<p><strong>Ces signes ne signifient pas forc\u00e9ment que votre batterie est d\u00e9fectueuse<\/strong>, mais ils m\u00e9ritent une v\u00e9rification rapide aupr\u00e8s de votre concessionnaire. Mieux vaut un contr\u00f4le de trop qu&rsquo;un risque ignor\u00e9.<\/p>\n\n\n\n<h2 class=\"wp-block-heading\">Que faire si votre Volkswagen ID est concern\u00e9e ?<\/h2>\n\n\n\n<p>Si votre v\u00e9hicule fait partie des mod\u00e8les rappel\u00e9s, voici la marche \u00e0 suivre :<\/p>\n\n\n\n<ul class=\"wp-block-list\">\n<li><strong>Contactez votre concessionnaire Volkswagen d\u00e8s que possible<\/strong> pour organiser un rendez-vous<\/li>\n\n\n\n<li>La <a href=\"https:\/\/leocare.eu\/fr\/assurance-auto-en-ligne\/sinistre\/reparations\/\">r\u00e9paration<\/a> sera enti\u00e8rement prise en charge dans le cadre du rappel constructeur, vous n&rsquo;aurez rien \u00e0 d\u00e9bourser<\/li>\n\n\n\n<li>En attendant l&rsquo;intervention, soyez attentif aux alertes du tableau de bord et \u00e9vitez de laisser votre v\u00e9hicule en charge sans surveillance<\/li>\n<\/ul>\n\n\n\n<p>Votre concessionnaire proc\u00e9dera aux v\u00e9rifications et aux corrections sur la batterie haute tension dans un <a href=\"https:\/\/leocare.eu\/fr\/help\/garages-agrees\/\">garage agr\u00e9\u00e9<\/a>. <strong>Compte tenu de la nature du d\u00e9faut, qui touche un composant aussi sensible que la batterie, il est recommand\u00e9 de ne pas reporter votre rendez-vous.<\/strong> Un incendie de batterie peut survenir sans signe avant-coureur et les cons\u00e9quences peuvent \u00eatre lourdes, aussi bien pour votre v\u00e9hicule que pour votre environnement si la voiture est stationn\u00e9e dans un parking souterrain ou un garage ferm\u00e9.<\/p>\n\n\n\n<h2 class=\"wp-block-heading\">Suis-je toujours assur\u00e9 si ma voiture est concern\u00e9e par un rappel ?<\/h2>\n\n\n\n<p><strong>Votre assurance auto ne s&rsquo;annule pas parce que <a href=\"https:\/\/leocare.eu\/fr\/blog\/assurance-auto-rappel-vehicule\/\">votre v\u00e9hicule fait l&rsquo;objet d&rsquo;un rappel constructeur<\/a>.<\/strong> Votre responsabilit\u00e9 civile continue de fonctionner normalement, et les dommages caus\u00e9s \u00e0 autrui en cas d&rsquo;accident seront toujours pris en charge. En revanche, si le d\u00e9faut de batterie provoque directement un incendie, <strong>certaines garanties optionnelles comme les dommages mat\u00e9riels ou la garantie du conducteur pourraient \u00eatre remises en question<\/strong> par votre assureur.<\/p>\n\n\n\n<p>Le vrai risque, c&rsquo;est d&rsquo;ignorer le rappel. <strong>Si vous continuez \u00e0 rouler sans faire v\u00e9rifier votre v\u00e9hicule, votre assureur peut r\u00e9duire ou refuser l&rsquo;indemnisation<\/strong>, estimant que vous avez pris un risque en connaissance de cause. Pour vous prot\u00e9ger, faites effectuer les r\u00e9parations rapidement, pr\u00e9venez votre assureur et conservez tous les documents li\u00e9s au rappel, comme le courrier du constructeur et la facture d&rsquo;intervention. <strong>Ces preuves de bonne foi peuvent faire toute la diff\u00e9rence en cas de litige.<\/strong><\/p>\n\n\n\n<p>D&rsquo;autres rappels r\u00e9cents ont touch\u00e9 le march\u00e9 automobile fran\u00e7ais. Consultez aussi nos articles sur le <a href=\"https:\/\/leocare.eu\/fr\/blog\/rappel-citroen-berlingo-c5-aircross-jumpy-incendie\/\">rappel Citro\u00ebn Berlingo, C5 Aircross et Jumpy pour un risque d&rsquo;incendie li\u00e9 au moteur DV5R<\/a>, le <a href=\"https:\/\/leocare.eu\/fr\/blog\/rappel-hyundai-ioniq-6-port-chargement\/\">rappel Hyundai IONIQ 6 pour un panneau de port de chargement d\u00e9fectueux<\/a>, le <a href=\"https:\/\/leocare.eu\/fr\/blog\/rappel-range-rover-evoque-airbag\/\">rappel Range Rover Evoque pour un airbag d\u00e9fectueux<\/a>, le <a href=\"https:\/\/leocare.eu\/fr\/blog\/rappel-bmw-demarreur-incendie\/\">rappel massif BMW pour un risque d&rsquo;incendie li\u00e9 au d\u00e9marreur<\/a> et le <a href=\"https:\/\/leocare.eu\/fr\/blog\/rappel-citroen-c4-c4-x-essieu-arriere-defectueux\/\">rappel Citro\u00ebn C4 et C4 X pour un essieu arri\u00e8re d\u00e9fectueux<\/a>.<\/p>\n","protected":false},"excerpt":{"rendered":"<p>Vous \u00eates propri\u00e9taire d&rsquo;une Volkswagen \u00e9lectrique de la gamme ID ? Cette information pourrait vous concerner directement. Le constructeur allemand a lanc\u00e9 un rappel sur plusieurs mod\u00e8les de sa gamme \u00e9lectrique, produits entre septembre 2023 et mars 2024, en raison d&rsquo;un d\u00e9faut de batterie pouvant provoquer un incendie. L&rsquo;assurance auto Leocare fait le point. Un [&hellip;]<\/p>\n","protected":false},"author":34,"featured_media":33548,"comment_status":"closed","ping_status":"closed","sticky":false,"template":"","format":"standard","meta":{"_acf_changed":false,"footnotes":""},"categories":[19],"tags":[],"class_list":["post-38743","post","type-post","status-publish","format-standard","has-post-thumbnail","hentry","category-auto"],"acf":[],"yoast_head":"<!-- This site is optimized with the Yoast SEO plugin v27.3 - https:\/\/yoast.com\/product\/yoast-seo-wordpress\/ -->\n<title>Rappel Volkswagen ID.3, ID.7, ID. Buzz et ID. Buzz Cargo : un risque d&#039;incendie li\u00e9 \u00e0 la batterie<\/title>\n<meta name=\"robots\" content=\"index, follow, max-snippet:-1, max-image-preview:large, max-video-preview:-1\" \/>\n<link rel=\"canonical\" href=\"https:\/\/leocare.eu\/fr\/blog\/rappel-volkswagen-id-3-id-7-id-buzz-et-id-buzz-cargo-risque-incendie-batterie\/\" \/>\n<meta property=\"og:locale\" content=\"fr_FR\" \/>\n<meta property=\"og:type\" content=\"article\" \/>\n<meta property=\"og:title\" content=\"Rappel Volkswagen ID.3, ID.7, ID. Buzz et ID. Buzz Cargo : un risque d&#039;incendie li\u00e9 \u00e0 la batterie\" \/>\n<meta property=\"og:description\" content=\"Vous \u00eates propri\u00e9taire d&rsquo;une Volkswagen \u00e9lectrique de la gamme ID ? Cette information pourrait vous concerner directement. Le constructeur allemand a lanc\u00e9 un rappel sur plusieurs mod\u00e8les de sa gamme \u00e9lectrique, produits entre septembre 2023 et mars 2024, en raison d&rsquo;un d\u00e9faut de batterie pouvant provoquer un incendie. L&rsquo;assurance auto Leocare fait le point. Un [&hellip;]\" \/>\n<meta property=\"og:url\" content=\"https:\/\/leocare.eu\/fr\/blog\/rappel-volkswagen-id-3-id-7-id-buzz-et-id-buzz-cargo-risque-incendie-batterie\/\" \/>\n<meta property=\"og:site_name\" content=\"Leocare, assurance en ligne automobile et habitation\" \/>\n<meta property=\"article:published_time\" content=\"2026-03-02T10:09:46+00:00\" \/>\n<meta property=\"article:modified_time\" content=\"2026-03-02T10:09:48+00:00\" \/>\n<meta property=\"og:image\" content=\"https:\/\/leocare.eu\/fr\/wp-content\/uploads\/2025\/10\/volkswagen-ID3.jpg\" \/>\n\t<meta property=\"og:image:width\" content=\"800\" \/>\n\t<meta property=\"og:image:height\" content=\"505\" \/>\n\t<meta property=\"og:image:type\" content=\"image\/jpeg\" \/>\n<meta name=\"author\" content=\"Christophe Djafar\" \/>\n<meta name=\"twitter:card\" content=\"summary_large_image\" \/>\n<meta name=\"twitter:creator\" content=\"@CLeocare\" \/>\n<meta name=\"twitter:label1\" content=\"\u00c9crit par\" \/>\n\t<meta name=\"twitter:data1\" content=\"Christophe Djafar\" \/>\n\t<meta name=\"twitter:label2\" content=\"Dur\u00e9e de lecture estim\u00e9e\" \/>\n\t<meta name=\"twitter:data2\" content=\"5 minutes\" \/>\n<!-- \/ Yoast SEO plugin. -->","yoast_head_json":{"title":"Rappel Volkswagen ID.3, ID.7, ID. Buzz et ID. Buzz Cargo : un risque d'incendie li\u00e9 \u00e0 la batterie","robots":{"index":"index","follow":"follow","max-snippet":"max-snippet:-1","max-image-preview":"max-image-preview:large","max-video-preview":"max-video-preview:-1"},"canonical":"https:\/\/leocare.eu\/fr\/blog\/rappel-volkswagen-id-3-id-7-id-buzz-et-id-buzz-cargo-risque-incendie-batterie\/","og_locale":"fr_FR","og_type":"article","og_title":"Rappel Volkswagen ID.3, ID.7, ID. Buzz et ID. Buzz Cargo : un risque d'incendie li\u00e9 \u00e0 la batterie","og_description":"Vous \u00eates propri\u00e9taire d&rsquo;une Volkswagen \u00e9lectrique de la gamme ID ? Cette information pourrait vous concerner directement. Le constructeur allemand a lanc\u00e9 un rappel sur plusieurs mod\u00e8les de sa gamme \u00e9lectrique, produits entre septembre 2023 et mars 2024, en raison d&rsquo;un d\u00e9faut de batterie pouvant provoquer un incendie. L&rsquo;assurance auto Leocare fait le point. Un [&hellip;]","og_url":"https:\/\/leocare.eu\/fr\/blog\/rappel-volkswagen-id-3-id-7-id-buzz-et-id-buzz-cargo-risque-incendie-batterie\/","og_site_name":"Leocare, assurance en ligne automobile et habitation","article_published_time":"2026-03-02T10:09:46+00:00","article_modified_time":"2026-03-02T10:09:48+00:00","og_image":[{"width":800,"height":505,"url":"https:\/\/leocare.eu\/fr\/wp-content\/uploads\/2025\/10\/volkswagen-ID3.jpg","type":"image\/jpeg"}],"author":"Christophe Djafar","twitter_card":"summary_large_image","twitter_creator":"@CLeocare","twitter_misc":{"\u00c9crit par":"Christophe Djafar","Dur\u00e9e de lecture estim\u00e9e":"5 minutes"},"schema":{"@context":"https:\/\/schema.org","@graph":[{"@type":"Article","@id":"https:\/\/leocare.eu\/fr\/blog\/rappel-volkswagen-id-3-id-7-id-buzz-et-id-buzz-cargo-risque-incendie-batterie\/#article","isPartOf":{"@id":"https:\/\/leocare.eu\/fr\/blog\/rappel-volkswagen-id-3-id-7-id-buzz-et-id-buzz-cargo-risque-incendie-batterie\/"},"author":{"name":"Christophe Djafar","@id":"https:\/\/leocare.eu\/fr\/#\/schema\/person\/2ae46a67e6e4a1ddf1c1a23e9b051e46"},"headline":"Rappel Volkswagen ID.3, ID.7, ID. Buzz et ID. Buzz Cargo : un risque d&rsquo;incendie li\u00e9 \u00e0 la batterie","datePublished":"2026-03-02T10:09:46+00:00","dateModified":"2026-03-02T10:09:48+00:00","mainEntityOfPage":{"@id":"https:\/\/leocare.eu\/fr\/blog\/rappel-volkswagen-id-3-id-7-id-buzz-et-id-buzz-cargo-risque-incendie-batterie\/"},"wordCount":1111,"publisher":{"@id":"https:\/\/leocare.eu\/fr\/#organization"},"image":{"@id":"https:\/\/leocare.eu\/fr\/blog\/rappel-volkswagen-id-3-id-7-id-buzz-et-id-buzz-cargo-risque-incendie-batterie\/#primaryimage"},"thumbnailUrl":"https:\/\/leocare.eu\/fr\/wp-content\/uploads\/2025\/10\/volkswagen-ID3.jpg","articleSection":["Auto"],"inLanguage":"fr-FR"},{"@type":"WebPage","@id":"https:\/\/leocare.eu\/fr\/blog\/rappel-volkswagen-id-3-id-7-id-buzz-et-id-buzz-cargo-risque-incendie-batterie\/","url":"https:\/\/leocare.eu\/fr\/blog\/rappel-volkswagen-id-3-id-7-id-buzz-et-id-buzz-cargo-risque-incendie-batterie\/","name":"Rappel Volkswagen ID.3, ID.7, ID. Buzz et ID. Buzz Cargo : un risque d'incendie li\u00e9 \u00e0 la batterie","isPartOf":{"@id":"https:\/\/leocare.eu\/fr\/#website"},"primaryImageOfPage":{"@id":"https:\/\/leocare.eu\/fr\/blog\/rappel-volkswagen-id-3-id-7-id-buzz-et-id-buzz-cargo-risque-incendie-batterie\/#primaryimage"},"image":{"@id":"https:\/\/leocare.eu\/fr\/blog\/rappel-volkswagen-id-3-id-7-id-buzz-et-id-buzz-cargo-risque-incendie-batterie\/#primaryimage"},"thumbnailUrl":"https:\/\/leocare.eu\/fr\/wp-content\/uploads\/2025\/10\/volkswagen-ID3.jpg","datePublished":"2026-03-02T10:09:46+00:00","dateModified":"2026-03-02T10:09:48+00:00","breadcrumb":{"@id":"https:\/\/leocare.eu\/fr\/blog\/rappel-volkswagen-id-3-id-7-id-buzz-et-id-buzz-cargo-risque-incendie-batterie\/#breadcrumb"},"inLanguage":"fr-FR","potentialAction":[{"@type":"ReadAction","target":["https:\/\/leocare.eu\/fr\/blog\/rappel-volkswagen-id-3-id-7-id-buzz-et-id-buzz-cargo-risque-incendie-batterie\/"]}]},{"@type":"ImageObject","inLanguage":"fr-FR","@id":"https:\/\/leocare.eu\/fr\/blog\/rappel-volkswagen-id-3-id-7-id-buzz-et-id-buzz-cargo-risque-incendie-batterie\/#primaryimage","url":"https:\/\/leocare.eu\/fr\/wp-content\/uploads\/2025\/10\/volkswagen-ID3.jpg","contentUrl":"https:\/\/leocare.eu\/fr\/wp-content\/uploads\/2025\/10\/volkswagen-ID3.jpg","width":800,"height":505,"caption":"volkswagen ID3"},{"@type":"WebSite","@id":"https:\/\/leocare.eu\/fr\/#website","url":"https:\/\/leocare.eu\/fr\/","name":"Leocare, assurance en ligne automobile et habitation","description":"enfin (r)assur\u00e9.e","publisher":{"@id":"https:\/\/leocare.eu\/fr\/#organization"},"potentialAction":[{"@type":"SearchAction","target":{"@type":"EntryPoint","urlTemplate":"https:\/\/leocare.eu\/fr\/?s={search_term_string}"},"query-input":{"@type":"PropertyValueSpecification","valueRequired":true,"valueName":"search_term_string"}}],"inLanguage":"fr-FR"},{"@type":"Organization","@id":"https:\/\/leocare.eu\/fr\/#organization","name":"Leocare, assurance en ligne automobile et habitation","url":"https:\/\/leocare.eu\/fr\/","logo":{"@type":"ImageObject","inLanguage":"fr-FR","@id":"https:\/\/leocare.eu\/fr\/#\/schema\/logo\/image\/","url":"https:\/\/leocare.eu\/fr\/wp-content\/uploads\/2020\/03\/logo-leocare.svg","contentUrl":"https:\/\/leocare.eu\/fr\/wp-content\/uploads\/2020\/03\/logo-leocare.svg","caption":"Leocare, assurance en ligne automobile et habitation"},"image":{"@id":"https:\/\/leocare.eu\/fr\/#\/schema\/logo\/image\/"}},{"@type":"Person","@id":"https:\/\/leocare.eu\/fr\/#\/schema\/person\/2ae46a67e6e4a1ddf1c1a23e9b051e46","name":"Christophe Djafar","image":{"@type":"ImageObject","inLanguage":"fr-FR","@id":"https:\/\/secure.gravatar.com\/avatar\/f95e26e67f535c99be6be8aeaadeaed9dc903535bf9d28c33f961779ac9e4be0?s=96&d=mm&r=g","url":"https:\/\/secure.gravatar.com\/avatar\/f95e26e67f535c99be6be8aeaadeaed9dc903535bf9d28c33f961779ac9e4be0?s=96&d=mm&r=g","contentUrl":"https:\/\/secure.gravatar.com\/avatar\/f95e26e67f535c99be6be8aeaadeaed9dc903535bf9d28c33f961779ac9e4be0?s=96&d=mm&r=g","caption":"Christophe Djafar"},"sameAs":["https:\/\/wwww.leocare.eu","https:\/\/x.com\/CLeocare"],"url":"https:\/\/leocare.eu\/fr\/blog\/author\/christophe-djafar\/"}]}},"_links":{"self":[{"href":"https:\/\/leocare.eu\/fr\/wp-json\/wp\/v2\/posts\/38743","targetHints":{"allow":["GET"]}}],"collection":[{"href":"https:\/\/leocare.eu\/fr\/wp-json\/wp\/v2\/posts"}],"about":[{"href":"https:\/\/leocare.eu\/fr\/wp-json\/wp\/v2\/types\/post"}],"author":[{"embeddable":true,"href":"https:\/\/leocare.eu\/fr\/wp-json\/wp\/v2\/users\/34"}],"replies":[{"embeddable":true,"href":"https:\/\/leocare.eu\/fr\/wp-json\/wp\/v2\/comments?post=38743"}],"version-history":[{"count":1,"href":"https:\/\/leocare.eu\/fr\/wp-json\/wp\/v2\/posts\/38743\/revisions"}],"predecessor-version":[{"id":38744,"href":"https:\/\/leocare.eu\/fr\/wp-json\/wp\/v2\/posts\/38743\/revisions\/38744"}],"wp:featuredmedia":[{"embeddable":true,"href":"https:\/\/leocare.eu\/fr\/wp-json\/wp\/v2\/media\/33548"}],"wp:attachment":[{"href":"https:\/\/leocare.eu\/fr\/wp-json\/wp\/v2\/media?parent=38743"}],"wp:term":[{"taxonomy":"category","embeddable":true,"href":"https:\/\/leocare.eu\/fr\/wp-json\/wp\/v2\/categories?post=38743"},{"taxonomy":"post_tag","embeddable":true,"href":"https:\/\/leocare.eu\/fr\/wp-json\/wp\/v2\/tags?post=38743"}],"curies":[{"name":"wp","href":"https:\/\/api.w.org\/{rel}","templated":true}]}}