{"id":33008,"date":"2025-09-08T17:36:23","date_gmt":"2025-09-08T15:36:23","guid":{"rendered":"https:\/\/leocare.eu\/fr\/?p=33008"},"modified":"2025-09-08T17:36:27","modified_gmt":"2025-09-08T15:36:27","slug":"durcissement-malus-auto-2026","status":"publish","type":"post","link":"https:\/\/leocare.eu\/fr\/blog\/durcissement-malus-auto-2026\/","title":{"rendered":"Durcissement des malus auto en 2026 : ce qui va changer"},"content":{"rendered":"\n<p><em>Acheter une voiture neuve reste un vrai projet de vie. Mais attention, les r\u00e8gles fiscales \u00e9voluent rapidement. D\u00e8s janvier 2026, les malus \u00e9cologique et au poids seront plus s\u00e9v\u00e8res. R\u00e9sultat : de nombreux mod\u00e8les deviendront plus chers \u00e0 l\u2019achat. L&rsquo;<a href=\"https:\/\/leocare.eu\/fr\/assurance-auto-en-ligne\/\">assurance auto<\/a> Leocare fait le point.<\/em><\/p>\n\n\n\n<h2 class=\"wp-block-heading\">Le malus \u00e9cologique devient plus strict<\/h2>\n\n\n\n<p>Le malus \u00e9cologique s\u2019applique selon les \u00e9missions de CO2 de chaque voiture. En 2025, le seuil \u00e9tait fix\u00e9 \u00e0 113 g\/km. D\u00e8s 2026, <strong>il descendra \u00e0 108 g\/km<\/strong>. Cinq grammes de moins peuvent sembler anodins. Pourtant, <strong>ce petit ajustement va faire basculer beaucoup de mod\u00e8les dans la cat\u00e9gorie tax\u00e9e<\/strong>.<\/p>\n\n\n\n<p>Un exemple simple permet de comprendre. Le Renault Arkana E-Tech, pourtant sobre, d\u00e9passe l\u00e9g\u00e8rement ce seuil. R\u00e9sultat, <strong>une taxe de 50 euros sera demand\u00e9e<\/strong>. Le montant reste faible, mais le symbole est fort. <strong>Les v\u00e9hicules touch\u00e9s ne sont plus uniquement les plus gourmands<\/strong>. La grille \u00e9tant progressive, <strong>plus les \u00e9missions augmentent, plus la facture grimpe vite<\/strong>. Et pour les mod\u00e8les haut de gamme, <strong>la sanction peut atteindre jusqu\u2019\u00e0 80 000 euros<\/strong>.<\/p>\n\n\n\n<h2 class=\"wp-block-heading\">Le malus au poids abaisse aussi son seuil<\/h2>\n\n\n\n<p>En parall\u00e8le, <strong>le malus au poids continue de se renforcer<\/strong>. En 2025, il concernait les v\u00e9hicules d\u00e8s 1 600 kg. En 2026, <strong>le seuil passera \u00e0 1 500 kg<\/strong>. Cela inclura davantage de voitures familiales, pas seulement les gros SUV.<\/p>\n\n\n\n<p>Certaines exceptions existent :<\/p>\n\n\n\n<ul class=\"wp-block-list\">\n<li><strong>Les hybrides non rechargeables b\u00e9n\u00e9ficient d\u2019un abattement de 100 kg.<\/strong><\/li>\n\n\n\n<li><strong>Les hybrides rechargeables profitent d\u2019un bonus de 200 kg<\/strong> \u00e0 condition d\u2019offrir au moins 50 km d\u2019autonomie en ville.<\/li>\n\n\n\n<li><strong>Les v\u00e9hicules \u00e9lectriques b\u00e9n\u00e9ficient d\u2019un abattement plus large de 600 kg.<\/strong><\/li>\n<\/ul>\n\n\n\n<p>Mais malgr\u00e9 ces all\u00e8gements, certains mod\u00e8les lourds seront rattrap\u00e9s par la taxe. <strong>Le Peugeot 3008 hybride illustre bien cette \u00e9volution<\/strong>. Avec ses 1 648 kg, il entre dans la zone p\u00e9nalis\u00e9e. \u00c0 l\u2019inverse, <strong>la Peugeot 308 hybride \u00e9chappe encore \u00e0 la taxe<\/strong> gr\u00e2ce \u00e0 son poids l\u00e9g\u00e8rement inf\u00e9rieur.<\/p>\n\n\n\n<h2 class=\"wp-block-heading\">Les v\u00e9hicules \u00e9lectriques ne sont plus totalement \u00e9pargn\u00e9s<\/h2>\n\n\n\n<p>Jusqu\u2019\u00e0 pr\u00e9sent, les voitures \u00e9lectriques \u00e9taient exempt\u00e9es de ce malus. En 2026, la r\u00e8gle change. <strong>Les mod\u00e8les lourds verront s\u2019appliquer une taxe<\/strong>, sauf s\u2019ils r\u00e9pondent \u00e0 un crit\u00e8re de \u00ab faible empreinte carbone \u00bb. Ce terme reste encore flou, mais <strong>il pourrait avantager les mod\u00e8les fabriqu\u00e9s en Europe<\/strong>, comme c\u2019est d\u00e9j\u00e0 le cas pour le bonus \u00e9cologique. Ainsi, <strong>certains SUV \u00e9lectriques risquent de perdre un atout comp\u00e9titif important<\/strong>.<\/p>\n\n\n\n<figure class=\"wp-block-image size-large\"><img decoding=\"async\" width=\"1024\" height=\"406\" src=\"https:\/\/leocare.eu\/fr\/wp-content\/uploads\/2024\/05\/prise-rechargement-voiture-electrique-1024x406.jpg\" alt=\"prise de rechargement voiture electrique\" class=\"wp-image-21509\" srcset=\"https:\/\/leocare.eu\/fr\/wp-content\/uploads\/2024\/05\/prise-rechargement-voiture-electrique-1024x406.jpg 1024w, https:\/\/leocare.eu\/fr\/wp-content\/uploads\/2024\/05\/prise-rechargement-voiture-electrique-300x119.jpg 300w, https:\/\/leocare.eu\/fr\/wp-content\/uploads\/2024\/05\/prise-rechargement-voiture-electrique-768x305.jpg 768w, https:\/\/leocare.eu\/fr\/wp-content\/uploads\/2024\/05\/prise-rechargement-voiture-electrique-980x389.jpg 980w, https:\/\/leocare.eu\/fr\/wp-content\/uploads\/2024\/05\/prise-rechargement-voiture-electrique-575x228.jpg 575w, https:\/\/leocare.eu\/fr\/wp-content\/uploads\/2024\/05\/prise-rechargement-voiture-electrique-600x238.jpg 600w, https:\/\/leocare.eu\/fr\/wp-content\/uploads\/2024\/05\/prise-rechargement-voiture-electrique-700x278.jpg 700w, https:\/\/leocare.eu\/fr\/wp-content\/uploads\/2024\/05\/prise-rechargement-voiture-electrique-480x190.jpg 480w, https:\/\/leocare.eu\/fr\/wp-content\/uploads\/2024\/05\/prise-rechargement-voiture-electrique-515x204.jpg 515w, https:\/\/leocare.eu\/fr\/wp-content\/uploads\/2024\/05\/prise-rechargement-voiture-electrique-490x194.jpg 490w, https:\/\/leocare.eu\/fr\/wp-content\/uploads\/2024\/05\/prise-rechargement-voiture-electrique-360x143.jpg 360w, https:\/\/leocare.eu\/fr\/wp-content\/uploads\/2024\/05\/prise-rechargement-voiture-electrique-330x131.jpg 330w, https:\/\/leocare.eu\/fr\/wp-content\/uploads\/2024\/05\/prise-rechargement-voiture-electrique-173x69.jpg 173w, https:\/\/leocare.eu\/fr\/wp-content\/uploads\/2024\/05\/prise-rechargement-voiture-electrique-150x60.jpg 150w, https:\/\/leocare.eu\/fr\/wp-content\/uploads\/2024\/05\/prise-rechargement-voiture-electrique-100x40.jpg 100w, https:\/\/leocare.eu\/fr\/wp-content\/uploads\/2024\/05\/prise-rechargement-voiture-electrique-20x8.jpg 20w, https:\/\/leocare.eu\/fr\/wp-content\/uploads\/2024\/05\/prise-rechargement-voiture-electrique-40x16.jpg 40w, https:\/\/leocare.eu\/fr\/wp-content\/uploads\/2024\/05\/prise-rechargement-voiture-electrique-140x56.jpg 140w, https:\/\/leocare.eu\/fr\/wp-content\/uploads\/2024\/05\/prise-rechargement-voiture-electrique-200x79.jpg 200w, https:\/\/leocare.eu\/fr\/wp-content\/uploads\/2024\/05\/prise-rechargement-voiture-electrique-315x125.jpg 315w, https:\/\/leocare.eu\/fr\/wp-content\/uploads\/2024\/05\/prise-rechargement-voiture-electrique-882x350.jpg 882w, https:\/\/leocare.eu\/fr\/wp-content\/uploads\/2024\/05\/prise-rechargement-voiture-electrique-560x222.jpg 560w, https:\/\/leocare.eu\/fr\/wp-content\/uploads\/2024\/05\/prise-rechargement-voiture-electrique-623x247.jpg 623w, https:\/\/leocare.eu\/fr\/wp-content\/uploads\/2024\/05\/prise-rechargement-voiture-electrique-475x188.jpg 475w, https:\/\/leocare.eu\/fr\/wp-content\/uploads\/2024\/05\/prise-rechargement-voiture-electrique.jpg 1200w\" sizes=\"(max-width: 1024px) 100vw, 1024px\" \/><\/figure>\n\n\n\n<h2 class=\"wp-block-heading\">Des cons\u00e9quences concr\u00e8tes pour les acheteurs<\/h2>\n\n\n\n<p>Le principal enjeu pour vous concerne le timing. <strong>Le nouveau bar\u00e8me s\u2019applique \u00e0 toutes les cartes grises \u00e9mises d\u00e8s janvier 2026.<\/strong> Pas de d\u00e9lai suppl\u00e9mentaire, pas de r\u00e9gime transitoire. <strong>M\u00eame si vous commandez une voiture en 2025, si elle est livr\u00e9e apr\u00e8s le 1er janvier, vous paierez la taxe renforc\u00e9e.<\/strong> Contrairement au bonus \u00e9cologique, qui pr\u00e9voit parfois une protection pour les commandes pass\u00e9es avant une r\u00e9forme, le malus ne fonctionne pas ainsi.<\/p>\n\n\n\n<p>Cette situation peut vite g\u00e9n\u00e9rer des mauvaises surprises. Imaginons que vous achetiez une voiture en octobre 2025. <strong>Si la livraison glisse \u00e0 f\u00e9vrier 2026, la facture finale augmentera.<\/strong> Pour \u00e9viter cette d\u00e9convenue, <strong>certains concessionnaires acceptent parfois de prendre en charge le surco\u00fbt<\/strong>. Mais cela d\u00e9pend de leur politique commerciale et des marges disponibles. Il est donc conseill\u00e9 de discuter clairement du sujet avant de signer.<\/p>\n\n\n\n<h2 class=\"wp-block-heading\">L\u2019impact sur les choix des automobilistes<\/h2>\n\n\n\n<p><strong>Le durcissement des malus pousse les acheteurs \u00e0 revoir leurs priorit\u00e9s.<\/strong> Les mod\u00e8les compacts, hybrides l\u00e9gers ou \u00e9lectriques produits localement deviendront plus attractifs. \u00c0 l\u2019inverse, <strong>les SUV lourds et les motorisations classiques perdront de leur int\u00e9r\u00eat \u00e9conomique<\/strong>. Cette orientation fiscale refl\u00e8te une volont\u00e9 d\u2019encourager des v\u00e9hicules moins polluants et plus sobres.<\/p>\n\n\n\n<p>Cependant, ce changement ne touche pas uniquement les passionn\u00e9s d\u2019automobile. <strong>De nombreuses familles seront concern\u00e9es<\/strong>, car leur choix naturel se porte souvent sur des mod\u00e8les spacieux. D\u00e9sormais, <strong>ces voitures risquent d\u2019alourdir le budget<\/strong>, m\u00eame pour des versions pourtant raisonnables.<\/p>\n\n\n\n<h2 class=\"wp-block-heading\">Comment anticiper intelligemment<\/h2>\n\n\n\n<p>Pour pr\u00e9parer au mieux votre achat, gardez ces points cl\u00e9s en t\u00eate :<\/p>\n\n\n\n<ul class=\"wp-block-list\">\n<li><strong>Demandez \u00e0 votre concessionnaire des d\u00e9lais de livraison pr\u00e9cis.<\/strong><\/li>\n\n\n\n<li><strong>V\u00e9rifiez le poids et les \u00e9missions r\u00e9elles du mod\u00e8le envisag\u00e9.<\/strong><\/li>\n\n\n\n<li><strong>Comparez avec d\u2019autres motorisations, parfois plus avantageuses fiscalement.<\/strong><\/li>\n\n\n\n<li><strong>N\u00e9gociez une clause \u00e9crite pr\u00e9voyant la prise en charge du malus<\/strong> par le vendeur si la livraison intervient apr\u00e8s janvier 2026.<\/li>\n<\/ul>\n\n\n\n<p>Acheter une voiture neuve est un moment excitant. Mais dans le contexte actuel, mieux vaut \u00eatre vigilant. <strong>Les r\u00e8gles fiscales \u00e9voluent vite et les montants en jeu peuvent \u00eatre cons\u00e9quents.<\/strong> En anticipant et en posant les bonnes questions, <strong>vous \u00e9viterez les mauvaises surprises et profiterez pleinement de votre nouvelle voiture.<\/strong><\/p>\n","protected":false},"excerpt":{"rendered":"<p>Acheter une voiture neuve reste un vrai projet de vie. Mais attention, les r\u00e8gles fiscales \u00e9voluent rapidement. D\u00e8s janvier 2026, les malus \u00e9cologique et au poids seront plus s\u00e9v\u00e8res. R\u00e9sultat : de nombreux mod\u00e8les deviendront plus chers \u00e0 l\u2019achat. L&rsquo;assurance auto Leocare fait le point. Le malus \u00e9cologique devient plus strict Le malus \u00e9cologique s\u2019applique [&hellip;]<\/p>\n","protected":false},"author":34,"featured_media":32287,"comment_status":"closed","ping_status":"closed","sticky":false,"template":"","format":"standard","meta":{"_acf_changed":false,"footnotes":""},"categories":[19],"tags":[],"class_list":["post-33008","post","type-post","status-publish","format-standard","has-post-thumbnail","hentry","category-auto"],"acf":[],"yoast_head":"<!-- This site is optimized with the Yoast SEO plugin v27.3 - https:\/\/yoast.com\/product\/yoast-seo-wordpress\/ -->\n<title>Durcissement des malus auto en 2026 : ce qui va changer<\/title>\n<meta name=\"robots\" content=\"index, follow, max-snippet:-1, max-image-preview:large, max-video-preview:-1\" \/>\n<link rel=\"canonical\" href=\"https:\/\/leocare.eu\/fr\/blog\/durcissement-malus-auto-2026\/\" \/>\n<meta property=\"og:locale\" content=\"fr_FR\" \/>\n<meta property=\"og:type\" content=\"article\" \/>\n<meta property=\"og:title\" content=\"Durcissement des malus auto en 2026 : ce qui va changer\" \/>\n<meta property=\"og:description\" content=\"Acheter une voiture neuve reste un vrai projet de vie. Mais attention, les r\u00e8gles fiscales \u00e9voluent rapidement. D\u00e8s janvier 2026, les malus \u00e9cologique et au poids seront plus s\u00e9v\u00e8res. R\u00e9sultat : de nombreux mod\u00e8les deviendront plus chers \u00e0 l\u2019achat. L&rsquo;assurance auto Leocare fait le point. Le malus \u00e9cologique devient plus strict Le malus \u00e9cologique s\u2019applique [&hellip;]\" \/>\n<meta property=\"og:url\" content=\"https:\/\/leocare.eu\/fr\/blog\/durcissement-malus-auto-2026\/\" \/>\n<meta property=\"og:site_name\" content=\"Leocare, assurance en ligne automobile et habitation\" \/>\n<meta property=\"article:published_time\" content=\"2025-09-08T15:36:23+00:00\" \/>\n<meta property=\"article:modified_time\" content=\"2025-09-08T15:36:27+00:00\" \/>\n<meta property=\"og:image\" content=\"https:\/\/leocare.eu\/fr\/wp-content\/uploads\/2025\/08\/start-stop-voiture.jpg\" \/>\n\t<meta property=\"og:image:width\" content=\"800\" \/>\n\t<meta property=\"og:image:height\" content=\"505\" \/>\n\t<meta property=\"og:image:type\" content=\"image\/jpeg\" \/>\n<meta name=\"author\" content=\"Christophe Djafar\" \/>\n<meta name=\"twitter:card\" content=\"summary_large_image\" \/>\n<meta name=\"twitter:creator\" content=\"@CLeocare\" \/>\n<meta name=\"twitter:label1\" content=\"\u00c9crit par\" \/>\n\t<meta name=\"twitter:data1\" content=\"Christophe Djafar\" \/>\n\t<meta name=\"twitter:label2\" content=\"Dur\u00e9e de lecture estim\u00e9e\" \/>\n\t<meta name=\"twitter:data2\" content=\"4 minutes\" \/>\n<!-- \/ Yoast SEO plugin. -->","yoast_head_json":{"title":"Durcissement des malus auto en 2026 : ce qui va changer","robots":{"index":"index","follow":"follow","max-snippet":"max-snippet:-1","max-image-preview":"max-image-preview:large","max-video-preview":"max-video-preview:-1"},"canonical":"https:\/\/leocare.eu\/fr\/blog\/durcissement-malus-auto-2026\/","og_locale":"fr_FR","og_type":"article","og_title":"Durcissement des malus auto en 2026 : ce qui va changer","og_description":"Acheter une voiture neuve reste un vrai projet de vie. Mais attention, les r\u00e8gles fiscales \u00e9voluent rapidement. D\u00e8s janvier 2026, les malus \u00e9cologique et au poids seront plus s\u00e9v\u00e8res. R\u00e9sultat : de nombreux mod\u00e8les deviendront plus chers \u00e0 l\u2019achat. L&rsquo;assurance auto Leocare fait le point. Le malus \u00e9cologique devient plus strict Le malus \u00e9cologique s\u2019applique [&hellip;]","og_url":"https:\/\/leocare.eu\/fr\/blog\/durcissement-malus-auto-2026\/","og_site_name":"Leocare, assurance en ligne automobile et habitation","article_published_time":"2025-09-08T15:36:23+00:00","article_modified_time":"2025-09-08T15:36:27+00:00","og_image":[{"width":800,"height":505,"url":"https:\/\/leocare.eu\/fr\/wp-content\/uploads\/2025\/08\/start-stop-voiture.jpg","type":"image\/jpeg"}],"author":"Christophe Djafar","twitter_card":"summary_large_image","twitter_creator":"@CLeocare","twitter_misc":{"\u00c9crit par":"Christophe Djafar","Dur\u00e9e de lecture estim\u00e9e":"4 minutes"},"schema":{"@context":"https:\/\/schema.org","@graph":[{"@type":"Article","@id":"https:\/\/leocare.eu\/fr\/blog\/durcissement-malus-auto-2026\/#article","isPartOf":{"@id":"https:\/\/leocare.eu\/fr\/blog\/durcissement-malus-auto-2026\/"},"author":{"name":"Christophe Djafar","@id":"https:\/\/leocare.eu\/fr\/#\/schema\/person\/2ae46a67e6e4a1ddf1c1a23e9b051e46"},"headline":"Durcissement des malus auto en 2026 : ce qui va changer","datePublished":"2025-09-08T15:36:23+00:00","dateModified":"2025-09-08T15:36:27+00:00","mainEntityOfPage":{"@id":"https:\/\/leocare.eu\/fr\/blog\/durcissement-malus-auto-2026\/"},"wordCount":815,"publisher":{"@id":"https:\/\/leocare.eu\/fr\/#organization"},"image":{"@id":"https:\/\/leocare.eu\/fr\/blog\/durcissement-malus-auto-2026\/#primaryimage"},"thumbnailUrl":"https:\/\/leocare.eu\/fr\/wp-content\/uploads\/2025\/08\/start-stop-voiture.jpg","articleSection":["Auto"],"inLanguage":"fr-FR"},{"@type":"WebPage","@id":"https:\/\/leocare.eu\/fr\/blog\/durcissement-malus-auto-2026\/","url":"https:\/\/leocare.eu\/fr\/blog\/durcissement-malus-auto-2026\/","name":"Durcissement des malus auto en 2026 : ce qui va changer","isPartOf":{"@id":"https:\/\/leocare.eu\/fr\/#website"},"primaryImageOfPage":{"@id":"https:\/\/leocare.eu\/fr\/blog\/durcissement-malus-auto-2026\/#primaryimage"},"image":{"@id":"https:\/\/leocare.eu\/fr\/blog\/durcissement-malus-auto-2026\/#primaryimage"},"thumbnailUrl":"https:\/\/leocare.eu\/fr\/wp-content\/uploads\/2025\/08\/start-stop-voiture.jpg","datePublished":"2025-09-08T15:36:23+00:00","dateModified":"2025-09-08T15:36:27+00:00","breadcrumb":{"@id":"https:\/\/leocare.eu\/fr\/blog\/durcissement-malus-auto-2026\/#breadcrumb"},"inLanguage":"fr-FR","potentialAction":[{"@type":"ReadAction","target":["https:\/\/leocare.eu\/fr\/blog\/durcissement-malus-auto-2026\/"]}]},{"@type":"ImageObject","inLanguage":"fr-FR","@id":"https:\/\/leocare.eu\/fr\/blog\/durcissement-malus-auto-2026\/#primaryimage","url":"https:\/\/leocare.eu\/fr\/wp-content\/uploads\/2025\/08\/start-stop-voiture.jpg","contentUrl":"https:\/\/leocare.eu\/fr\/wp-content\/uploads\/2025\/08\/start-stop-voiture.jpg","width":800,"height":505,"caption":"start stop voiture"},{"@type":"WebSite","@id":"https:\/\/leocare.eu\/fr\/#website","url":"https:\/\/leocare.eu\/fr\/","name":"Leocare, assurance en ligne automobile et habitation","description":"enfin (r)assur\u00e9.e","publisher":{"@id":"https:\/\/leocare.eu\/fr\/#organization"},"potentialAction":[{"@type":"SearchAction","target":{"@type":"EntryPoint","urlTemplate":"https:\/\/leocare.eu\/fr\/?s={search_term_string}"},"query-input":{"@type":"PropertyValueSpecification","valueRequired":true,"valueName":"search_term_string"}}],"inLanguage":"fr-FR"},{"@type":"Organization","@id":"https:\/\/leocare.eu\/fr\/#organization","name":"Leocare, assurance en ligne automobile et habitation","url":"https:\/\/leocare.eu\/fr\/","logo":{"@type":"ImageObject","inLanguage":"fr-FR","@id":"https:\/\/leocare.eu\/fr\/#\/schema\/logo\/image\/","url":"https:\/\/leocare.eu\/fr\/wp-content\/uploads\/2020\/03\/logo-leocare.svg","contentUrl":"https:\/\/leocare.eu\/fr\/wp-content\/uploads\/2020\/03\/logo-leocare.svg","caption":"Leocare, assurance en ligne automobile et habitation"},"image":{"@id":"https:\/\/leocare.eu\/fr\/#\/schema\/logo\/image\/"}},{"@type":"Person","@id":"https:\/\/leocare.eu\/fr\/#\/schema\/person\/2ae46a67e6e4a1ddf1c1a23e9b051e46","name":"Christophe Djafar","image":{"@type":"ImageObject","inLanguage":"fr-FR","@id":"https:\/\/secure.gravatar.com\/avatar\/f95e26e67f535c99be6be8aeaadeaed9dc903535bf9d28c33f961779ac9e4be0?s=96&d=mm&r=g","url":"https:\/\/secure.gravatar.com\/avatar\/f95e26e67f535c99be6be8aeaadeaed9dc903535bf9d28c33f961779ac9e4be0?s=96&d=mm&r=g","contentUrl":"https:\/\/secure.gravatar.com\/avatar\/f95e26e67f535c99be6be8aeaadeaed9dc903535bf9d28c33f961779ac9e4be0?s=96&d=mm&r=g","caption":"Christophe Djafar"},"sameAs":["https:\/\/wwww.leocare.eu","https:\/\/x.com\/CLeocare"],"url":"https:\/\/leocare.eu\/fr\/blog\/author\/christophe-djafar\/"}]}},"_links":{"self":[{"href":"https:\/\/leocare.eu\/fr\/wp-json\/wp\/v2\/posts\/33008","targetHints":{"allow":["GET"]}}],"collection":[{"href":"https:\/\/leocare.eu\/fr\/wp-json\/wp\/v2\/posts"}],"about":[{"href":"https:\/\/leocare.eu\/fr\/wp-json\/wp\/v2\/types\/post"}],"author":[{"embeddable":true,"href":"https:\/\/leocare.eu\/fr\/wp-json\/wp\/v2\/users\/34"}],"replies":[{"embeddable":true,"href":"https:\/\/leocare.eu\/fr\/wp-json\/wp\/v2\/comments?post=33008"}],"version-history":[{"count":1,"href":"https:\/\/leocare.eu\/fr\/wp-json\/wp\/v2\/posts\/33008\/revisions"}],"predecessor-version":[{"id":33010,"href":"https:\/\/leocare.eu\/fr\/wp-json\/wp\/v2\/posts\/33008\/revisions\/33010"}],"wp:featuredmedia":[{"embeddable":true,"href":"https:\/\/leocare.eu\/fr\/wp-json\/wp\/v2\/media\/32287"}],"wp:attachment":[{"href":"https:\/\/leocare.eu\/fr\/wp-json\/wp\/v2\/media?parent=33008"}],"wp:term":[{"taxonomy":"category","embeddable":true,"href":"https:\/\/leocare.eu\/fr\/wp-json\/wp\/v2\/categories?post=33008"},{"taxonomy":"post_tag","embeddable":true,"href":"https:\/\/leocare.eu\/fr\/wp-json\/wp\/v2\/tags?post=33008"}],"curies":[{"name":"wp","href":"https:\/\/api.w.org\/{rel}","templated":true}]}}