{"id":32991,"date":"2025-09-05T17:48:35","date_gmt":"2025-09-05T15:48:35","guid":{"rendered":"https:\/\/leocare.eu\/fr\/?p=32991"},"modified":"2025-09-05T17:48:41","modified_gmt":"2025-09-05T15:48:41","slug":"nouveau-calendrier-heures-creuses-edf","status":"publish","type":"post","link":"https:\/\/leocare.eu\/fr\/blog\/nouveau-calendrier-heures-creuses-edf\/","title":{"rendered":"EDF d\u00e9voile le nouveau calendrier des heures creuses"},"content":{"rendered":"\n<p><em>EDF pr\u00e9pare un grand changement. Les heures creuses, longtemps r\u00e9serv\u00e9es \u00e0 la nuit, vont s\u2019inviter en pleine journ\u00e9e. D\u00e8s novembre 2025, le calendrier \u00e9volue pour coller \u00e0 la production solaire. Ce nouvel \u00e9quilibre promet plus d\u2019\u00e9conomies et une consommation d\u2019\u00e9lectricit\u00e9 plus intelligente. L&rsquo;<a href=\"https:\/\/leocare.eu\/fr\/assurance-habitation-en-ligne\/\">assurance habitation<\/a> Leocare fait le point.<\/em><\/p>\n\n\n\n<h2 class=\"wp-block-heading\">Pourquoi les heures creuses \u00e9voluent<\/h2>\n\n\n\n<p>Dans les ann\u00e9es 60, les heures creuses avaient un r\u00f4le simple. Encourager la consommation de nuit, quand les centrales nucl\u00e9aires produisaient plus que n\u00e9cessaire. Aujourd\u2019hui, la donne a chang\u00e9. <strong>Les panneaux solaires se multiplient et produisent beaucoup d\u2019\u00e9lectricit\u00e9 en journ\u00e9e.<\/strong> Entre 11 h et 17 h, le courant est abondant et moins cher. La r\u00e9forme veut donc inciter les foyers \u00e0 consommer pendant ces moments. <strong>Cela soulage le r\u00e9seau, valorise l\u2019\u00e9nergie verte et \u00e9vite les pics de consommation du matin et du soir.<\/strong><\/p>\n\n\n\n<h2 class=\"wp-block-heading\">Un calendrier progressif<\/h2>\n\n\n\n<p>Le passage aux nouveaux horaires d\u00e9marre le 1er novembre 2025. Mais pas question de tout bouleverser d\u2019un coup. <strong>Entre novembre 2025 et fin 2026, 5 millions de foyers changent de rythme.<\/strong> De 2026 \u00e0 2027, 23 millions de m\u00e9nages adoptent un syst\u00e8me diff\u00e9renci\u00e9 selon l\u2019\u00e9t\u00e9 ou l\u2019hiver. En janvier 2027, les sites industriels rejoignent la r\u00e9forme. <strong>Chaque client sera pr\u00e9venu \u00e0 temps<\/strong>. Enedis informe le fournisseur six mois avant. Le fournisseur vous contacte ensuite, au moins un mois avant, pour expliquer les nouveaux horaires.<\/p>\n\n\n\n<h2 class=\"wp-block-heading\">Les nouveaux horaires en d\u00e9tail<\/h2>\n\n\n\n<p>La dur\u00e9e reste la m\u00eame : huit heures creuses par jour. Mais leur d\u00e9coupage change. <strong>La nuit garde une place centrale, avec au moins cinq heures cons\u00e9cutives.<\/strong> \u00c0 cela s\u2019ajoutent jusqu\u2019\u00e0 trois heures en pleine journ\u00e9e, entre 11 h et 17 h. En \u00e9t\u00e9, cette formule sera largement appliqu\u00e9e. En hiver, certaines zones pourront conserver les huit heures uniquement la nuit, quand le soleil produit moins. Certaines r\u00e9gions, comme l\u2019Occitanie ou la Nouvelle-Aquitaine, appliqueront un calendrier saisonnier. Et pour les clients de l\u2019offre Zen Week-End, rien ne change : <strong>les tarifs r\u00e9duits continuent de s\u2019appliquer les samedis, dimanches et jours f\u00e9ri\u00e9s.<\/strong><\/p>\n\n\n\n<figure class=\"wp-block-image size-large\"><img decoding=\"async\" width=\"1024\" height=\"406\" src=\"https:\/\/leocare.eu\/fr\/wp-content\/uploads\/2024\/05\/four-cuisine-1024x406.jpg\" alt=\"four cuisine\" class=\"wp-image-21621\" srcset=\"https:\/\/leocare.eu\/fr\/wp-content\/uploads\/2024\/05\/four-cuisine-1024x406.jpg 1024w, https:\/\/leocare.eu\/fr\/wp-content\/uploads\/2024\/05\/four-cuisine-300x119.jpg 300w, https:\/\/leocare.eu\/fr\/wp-content\/uploads\/2024\/05\/four-cuisine-768x305.jpg 768w, https:\/\/leocare.eu\/fr\/wp-content\/uploads\/2024\/05\/four-cuisine-980x389.jpg 980w, https:\/\/leocare.eu\/fr\/wp-content\/uploads\/2024\/05\/four-cuisine-575x228.jpg 575w, https:\/\/leocare.eu\/fr\/wp-content\/uploads\/2024\/05\/four-cuisine-600x238.jpg 600w, https:\/\/leocare.eu\/fr\/wp-content\/uploads\/2024\/05\/four-cuisine-700x278.jpg 700w, https:\/\/leocare.eu\/fr\/wp-content\/uploads\/2024\/05\/four-cuisine-480x190.jpg 480w, https:\/\/leocare.eu\/fr\/wp-content\/uploads\/2024\/05\/four-cuisine-515x204.jpg 515w, https:\/\/leocare.eu\/fr\/wp-content\/uploads\/2024\/05\/four-cuisine-490x194.jpg 490w, https:\/\/leocare.eu\/fr\/wp-content\/uploads\/2024\/05\/four-cuisine-360x143.jpg 360w, https:\/\/leocare.eu\/fr\/wp-content\/uploads\/2024\/05\/four-cuisine-330x131.jpg 330w, https:\/\/leocare.eu\/fr\/wp-content\/uploads\/2024\/05\/four-cuisine-173x69.jpg 173w, https:\/\/leocare.eu\/fr\/wp-content\/uploads\/2024\/05\/four-cuisine-150x60.jpg 150w, https:\/\/leocare.eu\/fr\/wp-content\/uploads\/2024\/05\/four-cuisine-100x40.jpg 100w, https:\/\/leocare.eu\/fr\/wp-content\/uploads\/2024\/05\/four-cuisine-20x8.jpg 20w, https:\/\/leocare.eu\/fr\/wp-content\/uploads\/2024\/05\/four-cuisine-40x16.jpg 40w, https:\/\/leocare.eu\/fr\/wp-content\/uploads\/2024\/05\/four-cuisine-140x56.jpg 140w, https:\/\/leocare.eu\/fr\/wp-content\/uploads\/2024\/05\/four-cuisine-200x79.jpg 200w, https:\/\/leocare.eu\/fr\/wp-content\/uploads\/2024\/05\/four-cuisine-315x125.jpg 315w, https:\/\/leocare.eu\/fr\/wp-content\/uploads\/2024\/05\/four-cuisine-882x350.jpg 882w, https:\/\/leocare.eu\/fr\/wp-content\/uploads\/2024\/05\/four-cuisine-560x222.jpg 560w, https:\/\/leocare.eu\/fr\/wp-content\/uploads\/2024\/05\/four-cuisine-623x247.jpg 623w, https:\/\/leocare.eu\/fr\/wp-content\/uploads\/2024\/05\/four-cuisine-475x188.jpg 475w, https:\/\/leocare.eu\/fr\/wp-content\/uploads\/2024\/05\/four-cuisine.jpg 1200w\" sizes=\"(max-width: 1024px) 100vw, 1024px\" \/><\/figure>\n\n\n\n<h2 class=\"wp-block-heading\">L&rsquo;impact sur la facture<\/h2>\n\n\n\n<p>Bonne nouvelle : <strong>les heures creuses restent plus avantageuses que les heures pleines.<\/strong> Le prix est de 0,2068 \u20ac par kWh en heures creuses, contre 0,27 \u20ac en heures pleines. Pour rentabiliser cette option, <strong>il faudra que 30 % de la consommation se fasse pendant les plages \u00e0 tarif r\u00e9duit.<\/strong> Avec un peu d\u2019organisation, le gain peut \u00eatre r\u00e9el. <strong>La r\u00e9forme r\u00e9compense ceux qui d\u00e9placent une partie de leurs usages aux bons moments.<\/strong><\/p>\n\n\n\n<h2 class=\"wp-block-heading\">Adapter ses habitudes au nouveau rythme<\/h2>\n\n\n\n<p>Ces changements appellent de nouveaux r\u00e9flexes. <strong>Le chauffe-eau \u00e9lectrique devra \u00eatre programm\u00e9 en fonction des nouveaux cr\u00e9neaux.<\/strong> La recharge des voitures \u00e9lectriques devra s\u2019adapter, car la nuit sera parfois plus courte. Les appareils du quotidien comme le lave-linge ou le lave-vaisselle pourront tourner l\u2019apr\u00e8s-midi. Moins de bruit nocturne, plus de praticit\u00e9. Pour suivre vos horaires exacts, <strong>il suffira de consulter l\u2019espace client ou l\u2019application EDF &amp; Moi.<\/strong> Les fonctions de d\u00e9part diff\u00e9r\u00e9 des appareils \u00e9lectrom\u00e9nagers deviendront de pr\u00e9cieuses alli\u00e9es pour coller aux nouveaux cr\u00e9neaux.<\/p>\n\n\n\n<h2 class=\"wp-block-heading\">Un pas vers une \u00e9nergie plus verte<\/h2>\n\n\n\n<p>Au-del\u00e0 du portefeuille, l\u2019impact est collectif. <strong>La r\u00e9forme aide \u00e0 mieux r\u00e9partir la consommation et \u00e0 limiter les tensions sur le r\u00e9seau.<\/strong> Elle valorise l\u2019\u00e9lectricit\u00e9 solaire produite localement. Chaque geste compte : lancer une lessive en d\u00e9but d\u2019apr\u00e8s-midi ou recharger sa voiture au bon moment devient un vrai soutien \u00e0 la transition \u00e9nerg\u00e9tique. <strong>Ce changement demande une adaptation, mais il ouvre aussi la voie \u00e0 un usage plus responsable de l\u2019\u00e9lectricit\u00e9.<\/strong><\/p>\n\n\n\n<p>Le nouveau calendrier des heures creuses arrive et il va transformer nos habitudes. <strong>Le d\u00e9fi sera d\u2019ajuster notre quotidien, mais les b\u00e9n\u00e9fices sont clairs.<\/strong> Moins de d\u00e9penses, une consommation plus adapt\u00e9e et une contribution directe \u00e0 l\u2019\u00e9nergie verte. <strong>Avec ce plan, EDF redessine la mani\u00e8re dont nous consommons l\u2019\u00e9lectricit\u00e9, et chacun peut y trouver son avantage.<\/strong><\/p>\n","protected":false},"excerpt":{"rendered":"<p>EDF pr\u00e9pare un grand changement. Les heures creuses, longtemps r\u00e9serv\u00e9es \u00e0 la nuit, vont s\u2019inviter en pleine journ\u00e9e. D\u00e8s novembre 2025, le calendrier \u00e9volue pour coller \u00e0 la production solaire. Ce nouvel \u00e9quilibre promet plus d\u2019\u00e9conomies et une consommation d\u2019\u00e9lectricit\u00e9 plus intelligente. L&rsquo;assurance habitation Leocare fait le point. Pourquoi les heures creuses \u00e9voluent Dans les [&hellip;]<\/p>\n","protected":false},"author":34,"featured_media":32993,"comment_status":"closed","ping_status":"closed","sticky":false,"template":"","format":"standard","meta":{"_acf_changed":false,"footnotes":""},"categories":[24],"tags":[],"class_list":["post-32991","post","type-post","status-publish","format-standard","has-post-thumbnail","hentry","category-habitation"],"acf":[],"yoast_head":"<!-- This site is optimized with the Yoast SEO plugin v27.3 - https:\/\/yoast.com\/product\/yoast-seo-wordpress\/ -->\n<title>EDF d\u00e9voile le nouveau calendrier des heures creuses<\/title>\n<meta name=\"robots\" content=\"index, follow, max-snippet:-1, max-image-preview:large, max-video-preview:-1\" \/>\n<link rel=\"canonical\" href=\"https:\/\/leocare.eu\/fr\/blog\/nouveau-calendrier-heures-creuses-edf\/\" \/>\n<meta property=\"og:locale\" content=\"fr_FR\" \/>\n<meta property=\"og:type\" content=\"article\" \/>\n<meta property=\"og:title\" content=\"EDF d\u00e9voile le nouveau calendrier des heures creuses\" \/>\n<meta property=\"og:description\" content=\"EDF pr\u00e9pare un grand changement. Les heures creuses, longtemps r\u00e9serv\u00e9es \u00e0 la nuit, vont s\u2019inviter en pleine journ\u00e9e. D\u00e8s novembre 2025, le calendrier \u00e9volue pour coller \u00e0 la production solaire. Ce nouvel \u00e9quilibre promet plus d\u2019\u00e9conomies et une consommation d\u2019\u00e9lectricit\u00e9 plus intelligente. L&rsquo;assurance habitation Leocare fait le point. Pourquoi les heures creuses \u00e9voluent Dans les [&hellip;]\" \/>\n<meta property=\"og:url\" content=\"https:\/\/leocare.eu\/fr\/blog\/nouveau-calendrier-heures-creuses-edf\/\" \/>\n<meta property=\"og:site_name\" content=\"Leocare, assurance en ligne automobile et habitation\" \/>\n<meta property=\"article:published_time\" content=\"2025-09-05T15:48:35+00:00\" \/>\n<meta property=\"article:modified_time\" content=\"2025-09-05T15:48:41+00:00\" \/>\n<meta property=\"og:image\" content=\"https:\/\/leocare.eu\/fr\/wp-content\/uploads\/2025\/09\/ampoule.jpg\" \/>\n\t<meta property=\"og:image:width\" content=\"800\" \/>\n\t<meta property=\"og:image:height\" content=\"505\" \/>\n\t<meta property=\"og:image:type\" content=\"image\/jpeg\" \/>\n<meta name=\"author\" content=\"Christophe Djafar\" \/>\n<meta name=\"twitter:card\" content=\"summary_large_image\" \/>\n<meta name=\"twitter:creator\" content=\"@CLeocare\" \/>\n<meta name=\"twitter:label1\" content=\"\u00c9crit par\" \/>\n\t<meta name=\"twitter:data1\" content=\"Christophe Djafar\" \/>\n\t<meta name=\"twitter:label2\" content=\"Dur\u00e9e de lecture estim\u00e9e\" \/>\n\t<meta name=\"twitter:data2\" content=\"3 minutes\" \/>\n<!-- \/ Yoast SEO plugin. -->","yoast_head_json":{"title":"EDF d\u00e9voile le nouveau calendrier des heures creuses","robots":{"index":"index","follow":"follow","max-snippet":"max-snippet:-1","max-image-preview":"max-image-preview:large","max-video-preview":"max-video-preview:-1"},"canonical":"https:\/\/leocare.eu\/fr\/blog\/nouveau-calendrier-heures-creuses-edf\/","og_locale":"fr_FR","og_type":"article","og_title":"EDF d\u00e9voile le nouveau calendrier des heures creuses","og_description":"EDF pr\u00e9pare un grand changement. Les heures creuses, longtemps r\u00e9serv\u00e9es \u00e0 la nuit, vont s\u2019inviter en pleine journ\u00e9e. D\u00e8s novembre 2025, le calendrier \u00e9volue pour coller \u00e0 la production solaire. Ce nouvel \u00e9quilibre promet plus d\u2019\u00e9conomies et une consommation d\u2019\u00e9lectricit\u00e9 plus intelligente. L&rsquo;assurance habitation Leocare fait le point. Pourquoi les heures creuses \u00e9voluent Dans les [&hellip;]","og_url":"https:\/\/leocare.eu\/fr\/blog\/nouveau-calendrier-heures-creuses-edf\/","og_site_name":"Leocare, assurance en ligne automobile et habitation","article_published_time":"2025-09-05T15:48:35+00:00","article_modified_time":"2025-09-05T15:48:41+00:00","og_image":[{"width":800,"height":505,"url":"https:\/\/leocare.eu\/fr\/wp-content\/uploads\/2025\/09\/ampoule.jpg","type":"image\/jpeg"}],"author":"Christophe Djafar","twitter_card":"summary_large_image","twitter_creator":"@CLeocare","twitter_misc":{"\u00c9crit par":"Christophe Djafar","Dur\u00e9e de lecture estim\u00e9e":"3 minutes"},"schema":{"@context":"https:\/\/schema.org","@graph":[{"@type":"Article","@id":"https:\/\/leocare.eu\/fr\/blog\/nouveau-calendrier-heures-creuses-edf\/#article","isPartOf":{"@id":"https:\/\/leocare.eu\/fr\/blog\/nouveau-calendrier-heures-creuses-edf\/"},"author":{"name":"Christophe Djafar","@id":"https:\/\/leocare.eu\/fr\/#\/schema\/person\/2ae46a67e6e4a1ddf1c1a23e9b051e46"},"headline":"EDF d\u00e9voile le nouveau calendrier des heures creuses","datePublished":"2025-09-05T15:48:35+00:00","dateModified":"2025-09-05T15:48:41+00:00","mainEntityOfPage":{"@id":"https:\/\/leocare.eu\/fr\/blog\/nouveau-calendrier-heures-creuses-edf\/"},"wordCount":685,"publisher":{"@id":"https:\/\/leocare.eu\/fr\/#organization"},"image":{"@id":"https:\/\/leocare.eu\/fr\/blog\/nouveau-calendrier-heures-creuses-edf\/#primaryimage"},"thumbnailUrl":"https:\/\/leocare.eu\/fr\/wp-content\/uploads\/2025\/09\/ampoule.jpg","articleSection":["Habitation"],"inLanguage":"fr-FR"},{"@type":"WebPage","@id":"https:\/\/leocare.eu\/fr\/blog\/nouveau-calendrier-heures-creuses-edf\/","url":"https:\/\/leocare.eu\/fr\/blog\/nouveau-calendrier-heures-creuses-edf\/","name":"EDF d\u00e9voile le nouveau calendrier des heures creuses","isPartOf":{"@id":"https:\/\/leocare.eu\/fr\/#website"},"primaryImageOfPage":{"@id":"https:\/\/leocare.eu\/fr\/blog\/nouveau-calendrier-heures-creuses-edf\/#primaryimage"},"image":{"@id":"https:\/\/leocare.eu\/fr\/blog\/nouveau-calendrier-heures-creuses-edf\/#primaryimage"},"thumbnailUrl":"https:\/\/leocare.eu\/fr\/wp-content\/uploads\/2025\/09\/ampoule.jpg","datePublished":"2025-09-05T15:48:35+00:00","dateModified":"2025-09-05T15:48:41+00:00","breadcrumb":{"@id":"https:\/\/leocare.eu\/fr\/blog\/nouveau-calendrier-heures-creuses-edf\/#breadcrumb"},"inLanguage":"fr-FR","potentialAction":[{"@type":"ReadAction","target":["https:\/\/leocare.eu\/fr\/blog\/nouveau-calendrier-heures-creuses-edf\/"]}]},{"@type":"ImageObject","inLanguage":"fr-FR","@id":"https:\/\/leocare.eu\/fr\/blog\/nouveau-calendrier-heures-creuses-edf\/#primaryimage","url":"https:\/\/leocare.eu\/fr\/wp-content\/uploads\/2025\/09\/ampoule.jpg","contentUrl":"https:\/\/leocare.eu\/fr\/wp-content\/uploads\/2025\/09\/ampoule.jpg","width":800,"height":505,"caption":"ampoule"},{"@type":"WebSite","@id":"https:\/\/leocare.eu\/fr\/#website","url":"https:\/\/leocare.eu\/fr\/","name":"Leocare, assurance en ligne automobile et habitation","description":"enfin (r)assur\u00e9.e","publisher":{"@id":"https:\/\/leocare.eu\/fr\/#organization"},"potentialAction":[{"@type":"SearchAction","target":{"@type":"EntryPoint","urlTemplate":"https:\/\/leocare.eu\/fr\/?s={search_term_string}"},"query-input":{"@type":"PropertyValueSpecification","valueRequired":true,"valueName":"search_term_string"}}],"inLanguage":"fr-FR"},{"@type":"Organization","@id":"https:\/\/leocare.eu\/fr\/#organization","name":"Leocare, assurance en ligne automobile et habitation","url":"https:\/\/leocare.eu\/fr\/","logo":{"@type":"ImageObject","inLanguage":"fr-FR","@id":"https:\/\/leocare.eu\/fr\/#\/schema\/logo\/image\/","url":"https:\/\/leocare.eu\/fr\/wp-content\/uploads\/2020\/03\/logo-leocare.svg","contentUrl":"https:\/\/leocare.eu\/fr\/wp-content\/uploads\/2020\/03\/logo-leocare.svg","caption":"Leocare, assurance en ligne automobile et habitation"},"image":{"@id":"https:\/\/leocare.eu\/fr\/#\/schema\/logo\/image\/"}},{"@type":"Person","@id":"https:\/\/leocare.eu\/fr\/#\/schema\/person\/2ae46a67e6e4a1ddf1c1a23e9b051e46","name":"Christophe Djafar","image":{"@type":"ImageObject","inLanguage":"fr-FR","@id":"https:\/\/secure.gravatar.com\/avatar\/f95e26e67f535c99be6be8aeaadeaed9dc903535bf9d28c33f961779ac9e4be0?s=96&d=mm&r=g","url":"https:\/\/secure.gravatar.com\/avatar\/f95e26e67f535c99be6be8aeaadeaed9dc903535bf9d28c33f961779ac9e4be0?s=96&d=mm&r=g","contentUrl":"https:\/\/secure.gravatar.com\/avatar\/f95e26e67f535c99be6be8aeaadeaed9dc903535bf9d28c33f961779ac9e4be0?s=96&d=mm&r=g","caption":"Christophe Djafar"},"sameAs":["https:\/\/wwww.leocare.eu","https:\/\/x.com\/CLeocare"],"url":"https:\/\/leocare.eu\/fr\/blog\/author\/christophe-djafar\/"}]}},"_links":{"self":[{"href":"https:\/\/leocare.eu\/fr\/wp-json\/wp\/v2\/posts\/32991","targetHints":{"allow":["GET"]}}],"collection":[{"href":"https:\/\/leocare.eu\/fr\/wp-json\/wp\/v2\/posts"}],"about":[{"href":"https:\/\/leocare.eu\/fr\/wp-json\/wp\/v2\/types\/post"}],"author":[{"embeddable":true,"href":"https:\/\/leocare.eu\/fr\/wp-json\/wp\/v2\/users\/34"}],"replies":[{"embeddable":true,"href":"https:\/\/leocare.eu\/fr\/wp-json\/wp\/v2\/comments?post=32991"}],"version-history":[{"count":1,"href":"https:\/\/leocare.eu\/fr\/wp-json\/wp\/v2\/posts\/32991\/revisions"}],"predecessor-version":[{"id":32994,"href":"https:\/\/leocare.eu\/fr\/wp-json\/wp\/v2\/posts\/32991\/revisions\/32994"}],"wp:featuredmedia":[{"embeddable":true,"href":"https:\/\/leocare.eu\/fr\/wp-json\/wp\/v2\/media\/32993"}],"wp:attachment":[{"href":"https:\/\/leocare.eu\/fr\/wp-json\/wp\/v2\/media?parent=32991"}],"wp:term":[{"taxonomy":"category","embeddable":true,"href":"https:\/\/leocare.eu\/fr\/wp-json\/wp\/v2\/categories?post=32991"},{"taxonomy":"post_tag","embeddable":true,"href":"https:\/\/leocare.eu\/fr\/wp-json\/wp\/v2\/tags?post=32991"}],"curies":[{"name":"wp","href":"https:\/\/api.w.org\/{rel}","templated":true}]}}