{"id":31623,"date":"2025-07-10T11:41:30","date_gmt":"2025-07-10T09:41:30","guid":{"rendered":"https:\/\/leocare.eu\/fr\/?p=31623"},"modified":"2026-03-26T15:50:32","modified_gmt":"2026-03-26T14:50:32","slug":"peut-on-transporter-un-velo-sans-plaque-immatriculation-additionnelle","status":"publish","type":"post","link":"https:\/\/leocare.eu\/fr\/blog\/peut-on-transporter-un-velo-sans-plaque-immatriculation-additionnelle\/","title":{"rendered":"Peut-on transporter un v\u00e9lo \u00e0 l\u2019arri\u00e8re dans sa voiture sans plaque additionnelle ?"},"content":{"rendered":"\n<p><em>Vous partez en balade et vos v\u00e9los sont pr\u00eats. Mais au moment d\u2019installer le porte-v\u00e9lo \u00e0 l\u2019arri\u00e8re, un doute vous traverse. Avez-vous besoin d\u2019une plaque suppl\u00e9mentaire ? La r\u00e9ponse n\u2019est pas toujours simple. Elle d\u00e9pend de la fa\u00e7on dont vous installez vos v\u00e9los et des r\u00e8gles en vigueur. L&rsquo;<a href=\"https:\/\/leocare.eu\/fr\/assurance-auto-en-ligne\/\">assurance auto<\/a> Leocare vous explique.<\/em><\/p>\n\n\n\n<h2 class=\"wp-block-heading\">Pourquoi la plaque d\u2019immatriculation doit rester visible ?<\/h2>\n\n\n\n<p><strong>La plaque d\u2019immatriculation permet d\u2019identifier votre v\u00e9hicule sur la route.<\/strong> Elle est obligatoire pour \u00e9viter toute confusion lors d\u2019un contr\u00f4le. Si le porte-v\u00e9lo ou les v\u00e9los masquent cette plaque, les forces de l\u2019ordre ne peuvent plus voir votre num\u00e9ro. Et \u00e7a, \u00e7a ne passe pas. <strong>Les r\u00e8gles sont claires : plaque et feux doivent \u00eatre visibles \u00e0 tout moment.<\/strong><\/p>\n\n\n\n<p>Quand vous installez un porte-v\u00e9lo \u00e0 l\u2019arri\u00e8re, <strong>le risque est grand de cacher ces \u00e9l\u00e9ments.<\/strong> Si vous vous posez aussi la question de savoir s\u2019il faut une <a href=\"https:\/\/leocare.eu\/fr\/assurance-auto-en-ligne\/couverture\/garanties\/complementaires\/dommages-materiels\/equipements-auto\/porte-velo\/\">assurance v\u00e9lo pour le transporter sur sa voiture<\/a>, sachez que la r\u00e9glementation est \u00e9galement pr\u00e9cise sur ce point. Certains mod\u00e8les pr\u00e9voient un emplacement pour fixer une plaque suppl\u00e9mentaire. <strong>Si ce n\u2019est pas le cas, il faut penser \u00e0 ajouter cette fameuse plaque pour \u00e9viter les mauvaises surprises.<\/strong><\/p>\n\n\n\n<h2 class=\"wp-block-heading\">Que dit la loi en France ?<\/h2>\n\n\n\n<p>En France, la r\u00e8gle est simple : <strong>votre plaque doit toujours \u00eatre parfaitement visible.<\/strong> Si votre porte-v\u00e9lo ou vos v\u00e9los la cachent, <strong>vous devez installer une seconde plaque homologu\u00e9e.<\/strong> Elle se fixe directement sur le porte-v\u00e9lo. <strong>M\u00eame chose pour les feux arri\u00e8re : ils doivent rester visibles.<\/strong> Sinon, il faut pr\u00e9voir une rampe de signalisation avec feux int\u00e9gr\u00e9s.<\/p>\n\n\n\n<p>Et si jamais vous deviez faire face \u00e0 un <a href=\"https:\/\/leocare.eu\/fr\/blog\/accident-avec-cycliste-que-dit-la-loi\/\">accident entre un v\u00e9lo et une voiture<\/a>, mieux vaut que tout soit conforme pour \u00e9viter d\u2019aggraver la situation. <strong>Ne pas respecter cette obligation peut vous co\u00fbter une amende.<\/strong> Et pas qu&rsquo;un peu. <strong>C&rsquo;est 68\u20ac forfaitaire pour plaque masqu\u00e9e.<\/strong> Autant dire que le pique-nique du dimanche pourrait vous revenir cher.<\/p>\n\n\n\n<h2 class=\"wp-block-heading\">Est-ce valable \u00e0 l\u2019\u00e9tranger ?<\/h2>\n\n\n\n<p>\u00c0 l\u2019\u00e9tranger, <strong>les r\u00e8gles varient selon les pays.<\/strong> En Belgique, Suisse ou Allemagne, <strong>les exigences sont proches de celles de la France.<\/strong> Et lors d\u2019un passage \u00e0 l\u2019\u00e9tranger, surtout sur un <a href=\"https:\/\/leocare.eu\/fr\/blog\/descendre-velo-passage-pieton\/\">passage pi\u00e9ton o\u00f9 vous h\u00e9sitez \u00e0 descendre de votre v\u00e9lo<\/a>, mieux vaut conna\u00eetre les sp\u00e9cificit\u00e9s locales. La plaque et les feux doivent rester visibles. <strong>Si ce n\u2019est pas le cas, une rampe avec plaque et feux s\u2019impose.<\/strong> Certains pays, comme la Su\u00e8de, demandent en plus une plaque blanche additionnelle. Et il faut parfois ajouter un autocollant indiquant votre pays d\u2019origine.<\/p>\n\n\n\n<p>En Espagne ou en Italie, <strong>on ajoute un panneau de signalisation rouge et blanc \u00e0 l\u2019arri\u00e8re du porte-v\u00e9lo.<\/strong> Sa pr\u00e9sence est obligatoire, m\u00eame si les v\u00e9los ne masquent rien. <strong>Attention \u00e0 ne pas confondre les panneaux espagnol et italien, ils sont diff\u00e9rents.<\/strong><\/p>\n\n\n\n<h2 class=\"wp-block-heading\">Tous les porte-v\u00e9los sont-ils concern\u00e9s ?<\/h2>\n\n\n\n<p>Pas toujours. Tout d\u00e9pend de l\u2019emplacement et du mod\u00e8le. <strong>Un porte-v\u00e9lo de toit ne masque ni la plaque ni les feux.<\/strong> Aucun souci de ce c\u00f4t\u00e9-l\u00e0, sauf si vous transportez des girafes. Avec un porte-v\u00e9lo sur attelage ou hayon, le probl\u00e8me est plus fr\u00e9quent.<\/p>\n\n\n\n<p>Certains cyclistes ignorent parfois les r\u00e8gles, comme on le voit dans le top 10 des infractions que les cyclistes commettent sans le savoir, mais du c\u00f4t\u00e9 des automobilistes, les erreurs peuvent aussi co\u00fbter cher. <strong>Certains mod\u00e8les de porte-v\u00e9lo sont con\u00e7us pour int\u00e9grer directement une plaque additionnelle et des feux.<\/strong> C\u2019est souvent le cas des mod\u00e8les haut de gamme. <strong>Ils facilitent l\u2019installation et limitent les oublis.<\/strong><\/p>\n\n\n\n<figure class=\"wp-block-image size-full\"><img decoding=\"async\" width=\"800\" height=\"398\" src=\"https:\/\/leocare.eu\/fr\/wp-content\/uploads\/2025\/07\/homme-porte-velo-voiture.jpg\" alt=\"homme porte velo voiture\" class=\"wp-image-31625\" srcset=\"https:\/\/leocare.eu\/fr\/wp-content\/uploads\/2025\/07\/homme-porte-velo-voiture.jpg 800w, https:\/\/leocare.eu\/fr\/wp-content\/uploads\/2025\/07\/homme-porte-velo-voiture-300x149.jpg 300w, https:\/\/leocare.eu\/fr\/wp-content\/uploads\/2025\/07\/homme-porte-velo-voiture-768x382.jpg 768w, https:\/\/leocare.eu\/fr\/wp-content\/uploads\/2025\/07\/homme-porte-velo-voiture-575x286.jpg 575w, https:\/\/leocare.eu\/fr\/wp-content\/uploads\/2025\/07\/homme-porte-velo-voiture-600x299.jpg 600w, https:\/\/leocare.eu\/fr\/wp-content\/uploads\/2025\/07\/homme-porte-velo-voiture-700x348.jpg 700w, https:\/\/leocare.eu\/fr\/wp-content\/uploads\/2025\/07\/homme-porte-velo-voiture-480x239.jpg 480w, https:\/\/leocare.eu\/fr\/wp-content\/uploads\/2025\/07\/homme-porte-velo-voiture-515x256.jpg 515w, https:\/\/leocare.eu\/fr\/wp-content\/uploads\/2025\/07\/homme-porte-velo-voiture-490x244.jpg 490w, https:\/\/leocare.eu\/fr\/wp-content\/uploads\/2025\/07\/homme-porte-velo-voiture-360x179.jpg 360w, https:\/\/leocare.eu\/fr\/wp-content\/uploads\/2025\/07\/homme-porte-velo-voiture-330x164.jpg 330w, https:\/\/leocare.eu\/fr\/wp-content\/uploads\/2025\/07\/homme-porte-velo-voiture-173x86.jpg 173w, https:\/\/leocare.eu\/fr\/wp-content\/uploads\/2025\/07\/homme-porte-velo-voiture-150x75.jpg 150w, https:\/\/leocare.eu\/fr\/wp-content\/uploads\/2025\/07\/homme-porte-velo-voiture-100x50.jpg 100w, https:\/\/leocare.eu\/fr\/wp-content\/uploads\/2025\/07\/homme-porte-velo-voiture-20x10.jpg 20w, https:\/\/leocare.eu\/fr\/wp-content\/uploads\/2025\/07\/homme-porte-velo-voiture-40x20.jpg 40w, https:\/\/leocare.eu\/fr\/wp-content\/uploads\/2025\/07\/homme-porte-velo-voiture-140x70.jpg 140w, https:\/\/leocare.eu\/fr\/wp-content\/uploads\/2025\/07\/homme-porte-velo-voiture-200x100.jpg 200w, https:\/\/leocare.eu\/fr\/wp-content\/uploads\/2025\/07\/homme-porte-velo-voiture-315x157.jpg 315w, https:\/\/leocare.eu\/fr\/wp-content\/uploads\/2025\/07\/homme-porte-velo-voiture-704x350.jpg 704w, https:\/\/leocare.eu\/fr\/wp-content\/uploads\/2025\/07\/homme-porte-velo-voiture-560x279.jpg 560w, https:\/\/leocare.eu\/fr\/wp-content\/uploads\/2025\/07\/homme-porte-velo-voiture-623x310.jpg 623w, https:\/\/leocare.eu\/fr\/wp-content\/uploads\/2025\/07\/homme-porte-velo-voiture-475x236.jpg 475w, https:\/\/leocare.eu\/fr\/wp-content\/uploads\/2025\/07\/homme-porte-velo-voiture-576x287.jpg 576w\" sizes=\"(max-width: 800px) 100vw, 800px\" \/><\/figure>\n\n\n\n<h2 class=\"wp-block-heading\">Comment savoir si ma plaque est masqu\u00e9e ?<\/h2>\n\n\n\n<p>Faites un tour \u00e0 l\u2019arri\u00e8re de votre v\u00e9hicule une fois le chargement effectu\u00e9. <strong>Si vous devez jouer \u00e0 cache-cache avec votre plaque, ce n\u2019est pas bon signe.<\/strong> De jour comme de nuit, <strong>elle doit \u00eatre lisible sans effort.<\/strong><\/p>\n\n\n\n<p>Petit conseil utile : faites le test avec votre smartphone. <strong>Prenez une photo de l\u2019arri\u00e8re de votre voiture.<\/strong> Si la plaque ou les feux sont masqu\u00e9s sur la photo, <strong>ils le seront aussi pour les autres conducteurs.<\/strong> Et pendant que vous y \u00eates, pourquoi ne pas v\u00e9rifier votre visibilit\u00e9 \u00e0 v\u00e9lo selon les nouvelles r\u00e8gles du code de la route ?<\/p>\n\n\n\n<h2 class=\"wp-block-heading\">Quels risques si je ne mets pas de plaque suppl\u00e9mentaire ?<\/h2>\n\n\n\n<p>Outre l\u2019amende, <strong>il y a un vrai enjeu de s\u00e9curit\u00e9.<\/strong> Les autres usagers doivent pouvoir identifier votre v\u00e9hicule et anticiper vos changements de direction. <strong>Si vos feux arri\u00e8re sont cach\u00e9s, vous mettez tout le monde en danger.<\/strong> Et pendant que vous roulez, certains profitent des <a href=\"https:\/\/leocare.eu\/fr\/blog\/top-10-velos-electriques-2025\/\">10 v\u00e9los \u00e9lectriques \u00e0 ne pas manquer en 2026<\/a> pour pr\u00e9parer leur prochaine sortie.<\/p>\n\n\n\n<h2 class=\"wp-block-heading\">Comment \u00e9viter les erreurs ?<\/h2>\n\n\n\n<p><strong>Choisissez un porte-v\u00e9lo adapt\u00e9 \u00e0 votre voiture.<\/strong> Certains mod\u00e8les pr\u00e9voient d\u00e9j\u00e0 l\u2019emplacement pour la plaque et les feux. <strong>Ils sont plus simples \u00e0 utiliser et plus s\u00fbrs.<\/strong> Lors de l\u2019installation, <strong>prenez le temps de tout v\u00e9rifier.<\/strong> Fixations, poids du chargement, visibilit\u00e9 de la plaque et des feux. Et c\u00f4t\u00e9 \u00e9quipement, rappelez-vous que le clignotant arri\u00e8re laisse place aux \u00e9clairages fixes sur les v\u00e9los.<\/p>\n\n\n\n<p>N\u2019h\u00e9sitez pas \u00e0 consulter le manuel du fabricant. <strong>Les instructions sont pr\u00e9cieuses pour \u00e9viter les erreurs de montage.<\/strong><\/p>\n\n\n\n<p>Alors, peut-on transporter un v\u00e9lo \u00e0 l\u2019arri\u00e8re sans plaque additionnelle ? <strong>Oui, mais uniquement si votre plaque d\u2019immatriculation et vos feux restent visibles.<\/strong> Dans le cas contraire, <strong>vous devrez ajouter une plaque suppl\u00e9mentaire et une rampe lumineuse.<\/strong> Mieux vaut pr\u00e9voir que payer une amende sal\u00e9e. <strong>Au final, \u00e7a vous \u00e9vitera bien des tracas sur la route des vacances.<\/strong><\/p>\n","protected":false},"excerpt":{"rendered":"<p>Vous partez en balade et vos v\u00e9los sont pr\u00eats. Mais au moment d\u2019installer le porte-v\u00e9lo \u00e0 l\u2019arri\u00e8re, un doute vous traverse. Avez-vous besoin d\u2019une plaque suppl\u00e9mentaire ? La r\u00e9ponse n\u2019est pas toujours simple. Elle d\u00e9pend de la fa\u00e7on dont vous installez vos v\u00e9los et des r\u00e8gles en vigueur. L&rsquo;assurance auto Leocare vous explique. Pourquoi la [&hellip;]<\/p>\n","protected":false},"author":34,"featured_media":31624,"comment_status":"closed","ping_status":"open","sticky":false,"template":"","format":"standard","meta":{"_acf_changed":false,"footnotes":""},"categories":[19,34],"tags":[],"class_list":["post-31623","post","type-post","status-publish","format-standard","has-post-thumbnail","hentry","category-auto","category-velo"],"acf":[],"yoast_head":"<!-- This site is optimized with the Yoast SEO plugin v27.3 - https:\/\/yoast.com\/product\/yoast-seo-wordpress\/ -->\n<title>Peut-on transporter un v\u00e9lo \u00e0 l\u2019arri\u00e8re dans sa voiture sans plaque additionnelle ?<\/title>\n<meta name=\"robots\" content=\"index, follow, max-snippet:-1, max-image-preview:large, max-video-preview:-1\" \/>\n<link rel=\"canonical\" href=\"https:\/\/leocare.eu\/fr\/blog\/peut-on-transporter-un-velo-sans-plaque-immatriculation-additionnelle\/\" \/>\n<meta property=\"og:locale\" content=\"fr_FR\" \/>\n<meta property=\"og:type\" content=\"article\" \/>\n<meta property=\"og:title\" content=\"Peut-on transporter un v\u00e9lo \u00e0 l\u2019arri\u00e8re dans sa voiture sans plaque additionnelle ?\" \/>\n<meta property=\"og:description\" content=\"Vous partez en balade et vos v\u00e9los sont pr\u00eats. Mais au moment d\u2019installer le porte-v\u00e9lo \u00e0 l\u2019arri\u00e8re, un doute vous traverse. Avez-vous besoin d\u2019une plaque suppl\u00e9mentaire ? La r\u00e9ponse n\u2019est pas toujours simple. Elle d\u00e9pend de la fa\u00e7on dont vous installez vos v\u00e9los et des r\u00e8gles en vigueur. L&rsquo;assurance auto Leocare vous explique. Pourquoi la [&hellip;]\" \/>\n<meta property=\"og:url\" content=\"https:\/\/leocare.eu\/fr\/blog\/peut-on-transporter-un-velo-sans-plaque-immatriculation-additionnelle\/\" \/>\n<meta property=\"og:site_name\" content=\"Leocare, assurance en ligne automobile et habitation\" \/>\n<meta property=\"article:published_time\" content=\"2025-07-10T09:41:30+00:00\" \/>\n<meta property=\"article:modified_time\" content=\"2026-03-26T14:50:32+00:00\" \/>\n<meta property=\"og:image\" content=\"https:\/\/leocare.eu\/fr\/wp-content\/uploads\/2025\/07\/porte-velo-voiture.jpg\" \/>\n\t<meta property=\"og:image:width\" content=\"800\" \/>\n\t<meta property=\"og:image:height\" content=\"505\" \/>\n\t<meta property=\"og:image:type\" content=\"image\/jpeg\" \/>\n<meta name=\"author\" content=\"Christophe Djafar\" \/>\n<meta name=\"twitter:card\" content=\"summary_large_image\" \/>\n<meta name=\"twitter:creator\" content=\"@CLeocare\" \/>\n<meta name=\"twitter:label1\" content=\"\u00c9crit par\" \/>\n\t<meta name=\"twitter:data1\" content=\"Christophe Djafar\" \/>\n\t<meta name=\"twitter:label2\" content=\"Dur\u00e9e de lecture estim\u00e9e\" \/>\n\t<meta name=\"twitter:data2\" content=\"5 minutes\" \/>\n<!-- \/ Yoast SEO plugin. -->","yoast_head_json":{"title":"Peut-on transporter un v\u00e9lo \u00e0 l\u2019arri\u00e8re dans sa voiture sans plaque additionnelle ?","robots":{"index":"index","follow":"follow","max-snippet":"max-snippet:-1","max-image-preview":"max-image-preview:large","max-video-preview":"max-video-preview:-1"},"canonical":"https:\/\/leocare.eu\/fr\/blog\/peut-on-transporter-un-velo-sans-plaque-immatriculation-additionnelle\/","og_locale":"fr_FR","og_type":"article","og_title":"Peut-on transporter un v\u00e9lo \u00e0 l\u2019arri\u00e8re dans sa voiture sans plaque additionnelle ?","og_description":"Vous partez en balade et vos v\u00e9los sont pr\u00eats. Mais au moment d\u2019installer le porte-v\u00e9lo \u00e0 l\u2019arri\u00e8re, un doute vous traverse. Avez-vous besoin d\u2019une plaque suppl\u00e9mentaire ? La r\u00e9ponse n\u2019est pas toujours simple. Elle d\u00e9pend de la fa\u00e7on dont vous installez vos v\u00e9los et des r\u00e8gles en vigueur. L&rsquo;assurance auto Leocare vous explique. Pourquoi la [&hellip;]","og_url":"https:\/\/leocare.eu\/fr\/blog\/peut-on-transporter-un-velo-sans-plaque-immatriculation-additionnelle\/","og_site_name":"Leocare, assurance en ligne automobile et habitation","article_published_time":"2025-07-10T09:41:30+00:00","article_modified_time":"2026-03-26T14:50:32+00:00","og_image":[{"width":800,"height":505,"url":"https:\/\/leocare.eu\/fr\/wp-content\/uploads\/2025\/07\/porte-velo-voiture.jpg","type":"image\/jpeg"}],"author":"Christophe Djafar","twitter_card":"summary_large_image","twitter_creator":"@CLeocare","twitter_misc":{"\u00c9crit par":"Christophe Djafar","Dur\u00e9e de lecture estim\u00e9e":"5 minutes"},"schema":{"@context":"https:\/\/schema.org","@graph":[{"@type":"Article","@id":"https:\/\/leocare.eu\/fr\/blog\/peut-on-transporter-un-velo-sans-plaque-immatriculation-additionnelle\/#article","isPartOf":{"@id":"https:\/\/leocare.eu\/fr\/blog\/peut-on-transporter-un-velo-sans-plaque-immatriculation-additionnelle\/"},"author":{"name":"Christophe Djafar","@id":"https:\/\/leocare.eu\/fr\/#\/schema\/person\/2ae46a67e6e4a1ddf1c1a23e9b051e46"},"headline":"Peut-on transporter un v\u00e9lo \u00e0 l\u2019arri\u00e8re dans sa voiture sans plaque additionnelle ?","datePublished":"2025-07-10T09:41:30+00:00","dateModified":"2026-03-26T14:50:32+00:00","mainEntityOfPage":{"@id":"https:\/\/leocare.eu\/fr\/blog\/peut-on-transporter-un-velo-sans-plaque-immatriculation-additionnelle\/"},"wordCount":1005,"publisher":{"@id":"https:\/\/leocare.eu\/fr\/#organization"},"image":{"@id":"https:\/\/leocare.eu\/fr\/blog\/peut-on-transporter-un-velo-sans-plaque-immatriculation-additionnelle\/#primaryimage"},"thumbnailUrl":"https:\/\/leocare.eu\/fr\/wp-content\/uploads\/2025\/07\/porte-velo-voiture.jpg","articleSection":["Auto","V\u00e9lo"],"inLanguage":"fr-FR"},{"@type":"WebPage","@id":"https:\/\/leocare.eu\/fr\/blog\/peut-on-transporter-un-velo-sans-plaque-immatriculation-additionnelle\/","url":"https:\/\/leocare.eu\/fr\/blog\/peut-on-transporter-un-velo-sans-plaque-immatriculation-additionnelle\/","name":"Peut-on transporter un v\u00e9lo \u00e0 l\u2019arri\u00e8re dans sa voiture sans plaque additionnelle ?","isPartOf":{"@id":"https:\/\/leocare.eu\/fr\/#website"},"primaryImageOfPage":{"@id":"https:\/\/leocare.eu\/fr\/blog\/peut-on-transporter-un-velo-sans-plaque-immatriculation-additionnelle\/#primaryimage"},"image":{"@id":"https:\/\/leocare.eu\/fr\/blog\/peut-on-transporter-un-velo-sans-plaque-immatriculation-additionnelle\/#primaryimage"},"thumbnailUrl":"https:\/\/leocare.eu\/fr\/wp-content\/uploads\/2025\/07\/porte-velo-voiture.jpg","datePublished":"2025-07-10T09:41:30+00:00","dateModified":"2026-03-26T14:50:32+00:00","breadcrumb":{"@id":"https:\/\/leocare.eu\/fr\/blog\/peut-on-transporter-un-velo-sans-plaque-immatriculation-additionnelle\/#breadcrumb"},"inLanguage":"fr-FR","potentialAction":[{"@type":"ReadAction","target":["https:\/\/leocare.eu\/fr\/blog\/peut-on-transporter-un-velo-sans-plaque-immatriculation-additionnelle\/"]}]},{"@type":"ImageObject","inLanguage":"fr-FR","@id":"https:\/\/leocare.eu\/fr\/blog\/peut-on-transporter-un-velo-sans-plaque-immatriculation-additionnelle\/#primaryimage","url":"https:\/\/leocare.eu\/fr\/wp-content\/uploads\/2025\/07\/porte-velo-voiture.jpg","contentUrl":"https:\/\/leocare.eu\/fr\/wp-content\/uploads\/2025\/07\/porte-velo-voiture.jpg","width":800,"height":505,"caption":"porte velo voiture"},{"@type":"WebSite","@id":"https:\/\/leocare.eu\/fr\/#website","url":"https:\/\/leocare.eu\/fr\/","name":"Leocare, assurance en ligne automobile et habitation","description":"enfin (r)assur\u00e9.e","publisher":{"@id":"https:\/\/leocare.eu\/fr\/#organization"},"potentialAction":[{"@type":"SearchAction","target":{"@type":"EntryPoint","urlTemplate":"https:\/\/leocare.eu\/fr\/?s={search_term_string}"},"query-input":{"@type":"PropertyValueSpecification","valueRequired":true,"valueName":"search_term_string"}}],"inLanguage":"fr-FR"},{"@type":"Organization","@id":"https:\/\/leocare.eu\/fr\/#organization","name":"Leocare, assurance en ligne automobile et habitation","url":"https:\/\/leocare.eu\/fr\/","logo":{"@type":"ImageObject","inLanguage":"fr-FR","@id":"https:\/\/leocare.eu\/fr\/#\/schema\/logo\/image\/","url":"https:\/\/leocare.eu\/fr\/wp-content\/uploads\/2020\/03\/logo-leocare.svg","contentUrl":"https:\/\/leocare.eu\/fr\/wp-content\/uploads\/2020\/03\/logo-leocare.svg","caption":"Leocare, assurance en ligne automobile et habitation"},"image":{"@id":"https:\/\/leocare.eu\/fr\/#\/schema\/logo\/image\/"}},{"@type":"Person","@id":"https:\/\/leocare.eu\/fr\/#\/schema\/person\/2ae46a67e6e4a1ddf1c1a23e9b051e46","name":"Christophe Djafar","image":{"@type":"ImageObject","inLanguage":"fr-FR","@id":"https:\/\/secure.gravatar.com\/avatar\/f95e26e67f535c99be6be8aeaadeaed9dc903535bf9d28c33f961779ac9e4be0?s=96&d=mm&r=g","url":"https:\/\/secure.gravatar.com\/avatar\/f95e26e67f535c99be6be8aeaadeaed9dc903535bf9d28c33f961779ac9e4be0?s=96&d=mm&r=g","contentUrl":"https:\/\/secure.gravatar.com\/avatar\/f95e26e67f535c99be6be8aeaadeaed9dc903535bf9d28c33f961779ac9e4be0?s=96&d=mm&r=g","caption":"Christophe Djafar"},"sameAs":["https:\/\/wwww.leocare.eu","https:\/\/x.com\/CLeocare"],"url":"https:\/\/leocare.eu\/fr\/blog\/author\/christophe-djafar\/"}]}},"_links":{"self":[{"href":"https:\/\/leocare.eu\/fr\/wp-json\/wp\/v2\/posts\/31623","targetHints":{"allow":["GET"]}}],"collection":[{"href":"https:\/\/leocare.eu\/fr\/wp-json\/wp\/v2\/posts"}],"about":[{"href":"https:\/\/leocare.eu\/fr\/wp-json\/wp\/v2\/types\/post"}],"author":[{"embeddable":true,"href":"https:\/\/leocare.eu\/fr\/wp-json\/wp\/v2\/users\/34"}],"replies":[{"embeddable":true,"href":"https:\/\/leocare.eu\/fr\/wp-json\/wp\/v2\/comments?post=31623"}],"version-history":[{"count":8,"href":"https:\/\/leocare.eu\/fr\/wp-json\/wp\/v2\/posts\/31623\/revisions"}],"predecessor-version":[{"id":40324,"href":"https:\/\/leocare.eu\/fr\/wp-json\/wp\/v2\/posts\/31623\/revisions\/40324"}],"wp:featuredmedia":[{"embeddable":true,"href":"https:\/\/leocare.eu\/fr\/wp-json\/wp\/v2\/media\/31624"}],"wp:attachment":[{"href":"https:\/\/leocare.eu\/fr\/wp-json\/wp\/v2\/media?parent=31623"}],"wp:term":[{"taxonomy":"category","embeddable":true,"href":"https:\/\/leocare.eu\/fr\/wp-json\/wp\/v2\/categories?post=31623"},{"taxonomy":"post_tag","embeddable":true,"href":"https:\/\/leocare.eu\/fr\/wp-json\/wp\/v2\/tags?post=31623"}],"curies":[{"name":"wp","href":"https:\/\/api.w.org\/{rel}","templated":true}]}}