{"id":29682,"date":"2025-05-21T17:54:00","date_gmt":"2025-05-21T15:54:00","guid":{"rendered":"https:\/\/leocare.eu\/fr\/?p=29682"},"modified":"2025-09-01T09:59:11","modified_gmt":"2025-09-01T07:59:11","slug":"accident-avec-cycliste-que-dit-la-loi","status":"publish","type":"post","link":"https:\/\/leocare.eu\/fr\/blog\/accident-avec-cycliste-que-dit-la-loi\/","title":{"rendered":"Accident avec un cycliste : que dit la loi ?"},"content":{"rendered":"\n<p><em>Une voiture percute un v\u00e9lo. L&rsquo;automobiliste freine trop tard. Le cycliste est au sol. Et l\u00e0, les questions commencent. Qui est responsable ? Quelles sont les r\u00e8gles ? Que dit exactement la loi ?<\/em><\/p>\n\n\n\n<h2 class=\"wp-block-heading\">Cycliste renvers\u00e9 : la loi est tr\u00e8s claire<\/h2>\n\n\n\n<p>Quand un accident implique une voiture et un cycliste, <strong>la <a href=\"https:\/\/leocare.eu\/fr\/blog\/loi-badinter\/\">loi Badinter<\/a> entre en jeu<\/strong>. Depuis 1985, elle prot\u00e8ge les victimes d\u2019accidents de la route. <strong>Elle consid\u00e8re les cyclistes comme des usagers vuln\u00e9rables<\/strong>. Concr\u00e8tement, cela veut dire que <strong>la responsabilit\u00e9 du conducteur est pr\u00e9sum\u00e9e<\/strong>. Il devra indemniser le cycliste bless\u00e9, sauf s\u2019il arrive \u00e0 prouver que ce dernier a eu un comportement d\u00e9lib\u00e9r\u00e9ment dangereux. Un d\u00e9tail qui change tout.<\/p>\n\n\n\n<p><strong>Le cycliste sera donc indemnis\u00e9 pour ses blessures, m\u00eame s\u2019il n\u2019\u00e9tait pas en r\u00e8gle.<\/strong> Oui, m\u00eame sans casque, m\u00eame en cas de refus de priorit\u00e9 ou de feu grill\u00e9. Tant que sa faute n\u2019est pas jug\u00e9e inexcusable, il reste prot\u00e9g\u00e9 par la loi. Pour les d\u00e9g\u00e2ts mat\u00e9riels, c\u2019est une autre histoire. <strong>La responsabilit\u00e9 pourra \u00eatre partag\u00e9e si le cycliste a commis une faute.<\/strong><\/p>\n\n\n\n<h2 class=\"wp-block-heading\">Et si l\u2019accident a lieu de nuit ?<\/h2>\n\n\n\n<p><strong>La nuit ne change pas la loi.<\/strong> Mais elle peut influencer l\u2019analyse de l\u2019accident. Le Code de la route impose aux cyclistes d\u2019\u00eatre visibles dans l\u2019obscurit\u00e9. Eclairage avant et arri\u00e8re, catadioptres, gilet r\u00e9fl\u00e9chissant hors agglom\u00e9ration&#8230; Sans tout \u00e7a, le cycliste est en infraction. Pourtant, <strong>m\u00eame dans ce cas, la loi continue \u00e0 le prot\u00e9ger. Les dommages corporels seront indemnis\u00e9s. Toujours.<\/strong><\/p>\n\n\n\n<p>Mais soyons francs : un cycliste sans lumi\u00e8re, habill\u00e9 en noir, qui surgit sur la chauss\u00e9e, ce n\u2019est pas l\u2019id\u00e9al. Dans certains cas tr\u00e8s rares, <strong>la justice peut estimer que le cycliste a commis une faute inexcusable.<\/strong> C\u2019est exceptionnel. Et cela suppose une volont\u00e9 manifeste de se mettre en danger. <strong>Autrement dit : il aurait fallu que le cycliste cherche volontairement \u00e0 se faire renverser.<\/strong> Pas juste oublier de recharger sa lampe.<\/p>\n\n\n\n<h2 class=\"wp-block-heading\">Cycliste ou automobiliste : qui doit prouver quoi ?<\/h2>\n\n\n\n<p><strong>C\u2019est au conducteur du v\u00e9hicule motoris\u00e9 de prouver qu\u2019il n\u2019est pas responsable.<\/strong> Autant dire que la barre est haute. Il devra d\u00e9montrer que le cycliste est seul \u00e0 l\u2019origine de l\u2019accident. Et ce n\u2019est pas \u00e9vident. Une cam\u00e9ra embarqu\u00e9e, des t\u00e9moins ou un constat pr\u00e9cis peuvent faire la diff\u00e9rence. <strong>Sans preuve concr\u00e8te, la pr\u00e9somption de responsabilit\u00e9 s\u2019applique.<\/strong><\/p>\n\n\n\n<p><strong>Le cycliste, lui, n\u2019a pas besoin de prouver que l\u2019automobiliste est en tort pour \u00eatre indemnis\u00e9.<\/strong> C\u2019est une protection forte. Pens\u00e9e pour compenser la fragilit\u00e9 physique face \u00e0 un v\u00e9hicule motoris\u00e9.<\/p>\n\n\n\n<figure class=\"wp-block-image size-full\"><img decoding=\"async\" width=\"800\" height=\"398\" src=\"https:\/\/leocare.eu\/fr\/wp-content\/uploads\/2025\/05\/cycliste-route.jpg\" alt=\"cycliste route\" class=\"wp-image-29684\" srcset=\"https:\/\/leocare.eu\/fr\/wp-content\/uploads\/2025\/05\/cycliste-route.jpg 800w, https:\/\/leocare.eu\/fr\/wp-content\/uploads\/2025\/05\/cycliste-route-300x149.jpg 300w, https:\/\/leocare.eu\/fr\/wp-content\/uploads\/2025\/05\/cycliste-route-768x382.jpg 768w, https:\/\/leocare.eu\/fr\/wp-content\/uploads\/2025\/05\/cycliste-route-575x286.jpg 575w, https:\/\/leocare.eu\/fr\/wp-content\/uploads\/2025\/05\/cycliste-route-600x299.jpg 600w, https:\/\/leocare.eu\/fr\/wp-content\/uploads\/2025\/05\/cycliste-route-700x348.jpg 700w, https:\/\/leocare.eu\/fr\/wp-content\/uploads\/2025\/05\/cycliste-route-480x239.jpg 480w, https:\/\/leocare.eu\/fr\/wp-content\/uploads\/2025\/05\/cycliste-route-515x256.jpg 515w, https:\/\/leocare.eu\/fr\/wp-content\/uploads\/2025\/05\/cycliste-route-490x244.jpg 490w, https:\/\/leocare.eu\/fr\/wp-content\/uploads\/2025\/05\/cycliste-route-360x179.jpg 360w, https:\/\/leocare.eu\/fr\/wp-content\/uploads\/2025\/05\/cycliste-route-330x164.jpg 330w, https:\/\/leocare.eu\/fr\/wp-content\/uploads\/2025\/05\/cycliste-route-173x86.jpg 173w, https:\/\/leocare.eu\/fr\/wp-content\/uploads\/2025\/05\/cycliste-route-150x75.jpg 150w, https:\/\/leocare.eu\/fr\/wp-content\/uploads\/2025\/05\/cycliste-route-100x50.jpg 100w, https:\/\/leocare.eu\/fr\/wp-content\/uploads\/2025\/05\/cycliste-route-20x10.jpg 20w, https:\/\/leocare.eu\/fr\/wp-content\/uploads\/2025\/05\/cycliste-route-40x20.jpg 40w, https:\/\/leocare.eu\/fr\/wp-content\/uploads\/2025\/05\/cycliste-route-140x70.jpg 140w, https:\/\/leocare.eu\/fr\/wp-content\/uploads\/2025\/05\/cycliste-route-200x100.jpg 200w, https:\/\/leocare.eu\/fr\/wp-content\/uploads\/2025\/05\/cycliste-route-315x157.jpg 315w, https:\/\/leocare.eu\/fr\/wp-content\/uploads\/2025\/05\/cycliste-route-704x350.jpg 704w, https:\/\/leocare.eu\/fr\/wp-content\/uploads\/2025\/05\/cycliste-route-560x279.jpg 560w, https:\/\/leocare.eu\/fr\/wp-content\/uploads\/2025\/05\/cycliste-route-623x310.jpg 623w, https:\/\/leocare.eu\/fr\/wp-content\/uploads\/2025\/05\/cycliste-route-475x236.jpg 475w, https:\/\/leocare.eu\/fr\/wp-content\/uploads\/2025\/05\/cycliste-route-576x287.jpg 576w\" sizes=\"(max-width: 800px) 100vw, 800px\" \/><\/figure>\n\n\n\n<h2 class=\"wp-block-heading\">Que se passe-t-il entre deux cyclistes ?<\/h2>\n\n\n\n<p>L\u00e0, c\u2019est une autre musique. <strong>Pas de pr\u00e9somption de responsabilit\u00e9.<\/strong> Chaque partie doit prouver la faute de l\u2019autre. Un cycliste qui coupe la route \u00e0 un autre peut \u00eatre reconnu responsable. Et il devra indemniser les dommages caus\u00e9s. <strong>Si personne ne peut prouver quoi que ce soit, chacun assume ses frais.<\/strong><\/p>\n\n\n\n<p>C\u2019est pareil pour un accrochage avec un pi\u00e9ton. <strong>Les r\u00e8gles sont celles de la responsabilit\u00e9 civile classique.<\/strong> Tout repose sur la preuve d\u2019une faute. M\u00eame si, avouons-le, difficile de rivaliser avec un pi\u00e9ton pour jouer les durs.<\/p>\n\n\n\n<h2 class=\"wp-block-heading\">Comment r\u00e9agir apr\u00e8s un accident avec un cycliste ?<\/h2>\n\n\n\n<p><strong>Premier r\u00e9flexe : s\u2019assurer que tout le monde va bien.<\/strong> Ensuite, il faut remplir un constat amiable. C\u2019est valable m\u00eame si le cycliste n\u2019a pas d\u2019assurance. <strong>Prenez des photos, notez les t\u00e9moins, gardez tous les \u00e9l\u00e9ments possibles.<\/strong> Un certificat m\u00e9dical est aussi indispensable pour \u00e9valuer les blessures.<\/p>\n\n\n\n<p><strong>D\u00e9clarez l\u2019accident \u00e0 votre assureur dans les cinq jours.<\/strong> En cas de doute, un avocat peut vous guider. Certaines situations sont complexes. Et il vaut mieux \u00eatre bien accompagn\u00e9.<\/p>\n\n\n\n<h2 class=\"wp-block-heading\">Assurance et indemnit\u00e9s : comment \u00e7a marche ?<\/h2>\n\n\n\n<p><strong>L\u2019<a href=\"https:\/\/leocare.eu\/fr\/assurance-auto-en-ligne\/\">assurance auto<\/a> du conducteur indemnisera les blessures du cycliste.<\/strong> C\u2019est la cons\u00e9quence directe de la loi Badinter. Pour les v\u00e9los tr\u00e8s ab\u00eem\u00e9s, ou les effets personnels cass\u00e9s, une expertise peut \u00eatre demand\u00e9e. <strong>Le partage des torts jouera alors sur les indemnit\u00e9s.<\/strong><\/p>\n\n\n\n<p><strong>Le cycliste peut aussi \u00eatre couvert par une garantie accident de la vie.<\/strong> C\u2019est un bon compl\u00e9ment. Et cela peut permettre une indemnisation plus rapide.<\/p>\n\n\n\n<p><strong>Pour les automobilistes, mieux vaut avoir une assurance tous risques.<\/strong> Elle couvrira les dommages m\u00eame si vous \u00eates reconnu en tort. Un bon filet de s\u00e9curit\u00e9 quand la route r\u00e9serve des surprises.<\/p>\n\n\n\n<p><strong>Un cycliste est toujours prot\u00e9g\u00e9 par la loi en cas d\u2019accident avec une voiture.<\/strong> M\u00eame fautif, il sera indemnis\u00e9 pour ses blessures. <strong>La responsabilit\u00e9 de l\u2019automobiliste est la r\u00e8gle, sauf preuve d\u2019une faute inexcusable du cycliste.<\/strong> De nuit, les m\u00eames principes s\u2019appliquent. Mais <strong>les \u00e9quipements obligatoires prennent toute leur importance.<\/strong><\/p>\n\n\n\n<p>Alors que vous soyez sur deux roues ou derri\u00e8re un volant, <strong>le bon r\u00e9flexe reste le m\u00eame : prudence, vigilance, et un bon coup d\u2019\u0153il dans le r\u00e9troviseur.<\/strong><\/p>\n","protected":false},"excerpt":{"rendered":"<p>Une voiture percute un v\u00e9lo. L&rsquo;automobiliste freine trop tard. Le cycliste est au sol. Et l\u00e0, les questions commencent. Qui est responsable ? Quelles sont les r\u00e8gles ? Que dit exactement la loi ? Cycliste renvers\u00e9 : la loi est tr\u00e8s claire Quand un accident implique une voiture et un cycliste, la loi Badinter entre [&hellip;]<\/p>\n","protected":false},"author":34,"featured_media":29683,"comment_status":"closed","ping_status":"open","sticky":false,"template":"","format":"standard","meta":{"_acf_changed":false,"footnotes":""},"categories":[19,34],"tags":[],"class_list":["post-29682","post","type-post","status-publish","format-standard","has-post-thumbnail","hentry","category-auto","category-velo"],"acf":[],"yoast_head":"<!-- This site is optimized with the Yoast SEO plugin v27.3 - https:\/\/yoast.com\/product\/yoast-seo-wordpress\/ -->\n<title>Accident avec un cycliste : que dit la loi ?<\/title>\n<meta name=\"robots\" content=\"index, follow, max-snippet:-1, max-image-preview:large, max-video-preview:-1\" \/>\n<link rel=\"canonical\" href=\"https:\/\/leocare.eu\/fr\/blog\/accident-avec-cycliste-que-dit-la-loi\/\" \/>\n<meta property=\"og:locale\" content=\"fr_FR\" \/>\n<meta property=\"og:type\" content=\"article\" \/>\n<meta property=\"og:title\" content=\"Accident avec un cycliste : que dit la loi ?\" \/>\n<meta property=\"og:description\" content=\"Une voiture percute un v\u00e9lo. L&rsquo;automobiliste freine trop tard. Le cycliste est au sol. Et l\u00e0, les questions commencent. Qui est responsable ? Quelles sont les r\u00e8gles ? Que dit exactement la loi ? Cycliste renvers\u00e9 : la loi est tr\u00e8s claire Quand un accident implique une voiture et un cycliste, la loi Badinter entre [&hellip;]\" \/>\n<meta property=\"og:url\" content=\"https:\/\/leocare.eu\/fr\/blog\/accident-avec-cycliste-que-dit-la-loi\/\" \/>\n<meta property=\"og:site_name\" content=\"Leocare, assurance en ligne automobile et habitation\" \/>\n<meta property=\"article:published_time\" content=\"2025-05-21T15:54:00+00:00\" \/>\n<meta property=\"article:modified_time\" content=\"2025-09-01T07:59:11+00:00\" \/>\n<meta property=\"og:image\" content=\"https:\/\/leocare.eu\/fr\/wp-content\/uploads\/2025\/05\/cycliste-route-2.jpg\" \/>\n\t<meta property=\"og:image:width\" content=\"800\" \/>\n\t<meta property=\"og:image:height\" content=\"505\" \/>\n\t<meta property=\"og:image:type\" content=\"image\/jpeg\" \/>\n<meta name=\"author\" content=\"Christophe Djafar\" \/>\n<meta name=\"twitter:card\" content=\"summary_large_image\" \/>\n<meta name=\"twitter:creator\" content=\"@CLeocare\" \/>\n<meta name=\"twitter:label1\" content=\"\u00c9crit par\" \/>\n\t<meta name=\"twitter:data1\" content=\"Christophe Djafar\" \/>\n\t<meta name=\"twitter:label2\" content=\"Dur\u00e9e de lecture estim\u00e9e\" \/>\n\t<meta name=\"twitter:data2\" content=\"4 minutes\" \/>\n<!-- \/ Yoast SEO plugin. -->","yoast_head_json":{"title":"Accident avec un cycliste : que dit la loi ?","robots":{"index":"index","follow":"follow","max-snippet":"max-snippet:-1","max-image-preview":"max-image-preview:large","max-video-preview":"max-video-preview:-1"},"canonical":"https:\/\/leocare.eu\/fr\/blog\/accident-avec-cycliste-que-dit-la-loi\/","og_locale":"fr_FR","og_type":"article","og_title":"Accident avec un cycliste : que dit la loi ?","og_description":"Une voiture percute un v\u00e9lo. L&rsquo;automobiliste freine trop tard. Le cycliste est au sol. Et l\u00e0, les questions commencent. Qui est responsable ? Quelles sont les r\u00e8gles ? Que dit exactement la loi ? Cycliste renvers\u00e9 : la loi est tr\u00e8s claire Quand un accident implique une voiture et un cycliste, la loi Badinter entre [&hellip;]","og_url":"https:\/\/leocare.eu\/fr\/blog\/accident-avec-cycliste-que-dit-la-loi\/","og_site_name":"Leocare, assurance en ligne automobile et habitation","article_published_time":"2025-05-21T15:54:00+00:00","article_modified_time":"2025-09-01T07:59:11+00:00","og_image":[{"width":800,"height":505,"url":"https:\/\/leocare.eu\/fr\/wp-content\/uploads\/2025\/05\/cycliste-route-2.jpg","type":"image\/jpeg"}],"author":"Christophe Djafar","twitter_card":"summary_large_image","twitter_creator":"@CLeocare","twitter_misc":{"\u00c9crit par":"Christophe Djafar","Dur\u00e9e de lecture estim\u00e9e":"4 minutes"},"schema":{"@context":"https:\/\/schema.org","@graph":[{"@type":"Article","@id":"https:\/\/leocare.eu\/fr\/blog\/accident-avec-cycliste-que-dit-la-loi\/#article","isPartOf":{"@id":"https:\/\/leocare.eu\/fr\/blog\/accident-avec-cycliste-que-dit-la-loi\/"},"author":{"name":"Christophe Djafar","@id":"https:\/\/leocare.eu\/fr\/#\/schema\/person\/2ae46a67e6e4a1ddf1c1a23e9b051e46"},"headline":"Accident avec un cycliste : que dit la loi ?","datePublished":"2025-05-21T15:54:00+00:00","dateModified":"2025-09-01T07:59:11+00:00","mainEntityOfPage":{"@id":"https:\/\/leocare.eu\/fr\/blog\/accident-avec-cycliste-que-dit-la-loi\/"},"wordCount":882,"publisher":{"@id":"https:\/\/leocare.eu\/fr\/#organization"},"image":{"@id":"https:\/\/leocare.eu\/fr\/blog\/accident-avec-cycliste-que-dit-la-loi\/#primaryimage"},"thumbnailUrl":"https:\/\/leocare.eu\/fr\/wp-content\/uploads\/2025\/05\/cycliste-route-2.jpg","articleSection":["Auto","V\u00e9lo"],"inLanguage":"fr-FR"},{"@type":"WebPage","@id":"https:\/\/leocare.eu\/fr\/blog\/accident-avec-cycliste-que-dit-la-loi\/","url":"https:\/\/leocare.eu\/fr\/blog\/accident-avec-cycliste-que-dit-la-loi\/","name":"Accident avec un cycliste : que dit la loi ?","isPartOf":{"@id":"https:\/\/leocare.eu\/fr\/#website"},"primaryImageOfPage":{"@id":"https:\/\/leocare.eu\/fr\/blog\/accident-avec-cycliste-que-dit-la-loi\/#primaryimage"},"image":{"@id":"https:\/\/leocare.eu\/fr\/blog\/accident-avec-cycliste-que-dit-la-loi\/#primaryimage"},"thumbnailUrl":"https:\/\/leocare.eu\/fr\/wp-content\/uploads\/2025\/05\/cycliste-route-2.jpg","datePublished":"2025-05-21T15:54:00+00:00","dateModified":"2025-09-01T07:59:11+00:00","breadcrumb":{"@id":"https:\/\/leocare.eu\/fr\/blog\/accident-avec-cycliste-que-dit-la-loi\/#breadcrumb"},"inLanguage":"fr-FR","potentialAction":[{"@type":"ReadAction","target":["https:\/\/leocare.eu\/fr\/blog\/accident-avec-cycliste-que-dit-la-loi\/"]}]},{"@type":"ImageObject","inLanguage":"fr-FR","@id":"https:\/\/leocare.eu\/fr\/blog\/accident-avec-cycliste-que-dit-la-loi\/#primaryimage","url":"https:\/\/leocare.eu\/fr\/wp-content\/uploads\/2025\/05\/cycliste-route-2.jpg","contentUrl":"https:\/\/leocare.eu\/fr\/wp-content\/uploads\/2025\/05\/cycliste-route-2.jpg","width":800,"height":505,"caption":"cycliste route"},{"@type":"WebSite","@id":"https:\/\/leocare.eu\/fr\/#website","url":"https:\/\/leocare.eu\/fr\/","name":"Leocare, assurance en ligne automobile et habitation","description":"enfin (r)assur\u00e9.e","publisher":{"@id":"https:\/\/leocare.eu\/fr\/#organization"},"potentialAction":[{"@type":"SearchAction","target":{"@type":"EntryPoint","urlTemplate":"https:\/\/leocare.eu\/fr\/?s={search_term_string}"},"query-input":{"@type":"PropertyValueSpecification","valueRequired":true,"valueName":"search_term_string"}}],"inLanguage":"fr-FR"},{"@type":"Organization","@id":"https:\/\/leocare.eu\/fr\/#organization","name":"Leocare, assurance en ligne automobile et habitation","url":"https:\/\/leocare.eu\/fr\/","logo":{"@type":"ImageObject","inLanguage":"fr-FR","@id":"https:\/\/leocare.eu\/fr\/#\/schema\/logo\/image\/","url":"https:\/\/leocare.eu\/fr\/wp-content\/uploads\/2020\/03\/logo-leocare.svg","contentUrl":"https:\/\/leocare.eu\/fr\/wp-content\/uploads\/2020\/03\/logo-leocare.svg","caption":"Leocare, assurance en ligne automobile et habitation"},"image":{"@id":"https:\/\/leocare.eu\/fr\/#\/schema\/logo\/image\/"}},{"@type":"Person","@id":"https:\/\/leocare.eu\/fr\/#\/schema\/person\/2ae46a67e6e4a1ddf1c1a23e9b051e46","name":"Christophe Djafar","image":{"@type":"ImageObject","inLanguage":"fr-FR","@id":"https:\/\/secure.gravatar.com\/avatar\/f95e26e67f535c99be6be8aeaadeaed9dc903535bf9d28c33f961779ac9e4be0?s=96&d=mm&r=g","url":"https:\/\/secure.gravatar.com\/avatar\/f95e26e67f535c99be6be8aeaadeaed9dc903535bf9d28c33f961779ac9e4be0?s=96&d=mm&r=g","contentUrl":"https:\/\/secure.gravatar.com\/avatar\/f95e26e67f535c99be6be8aeaadeaed9dc903535bf9d28c33f961779ac9e4be0?s=96&d=mm&r=g","caption":"Christophe Djafar"},"sameAs":["https:\/\/wwww.leocare.eu","https:\/\/x.com\/CLeocare"],"url":"https:\/\/leocare.eu\/fr\/blog\/author\/christophe-djafar\/"}]}},"_links":{"self":[{"href":"https:\/\/leocare.eu\/fr\/wp-json\/wp\/v2\/posts\/29682","targetHints":{"allow":["GET"]}}],"collection":[{"href":"https:\/\/leocare.eu\/fr\/wp-json\/wp\/v2\/posts"}],"about":[{"href":"https:\/\/leocare.eu\/fr\/wp-json\/wp\/v2\/types\/post"}],"author":[{"embeddable":true,"href":"https:\/\/leocare.eu\/fr\/wp-json\/wp\/v2\/users\/34"}],"replies":[{"embeddable":true,"href":"https:\/\/leocare.eu\/fr\/wp-json\/wp\/v2\/comments?post=29682"}],"version-history":[{"count":3,"href":"https:\/\/leocare.eu\/fr\/wp-json\/wp\/v2\/posts\/29682\/revisions"}],"predecessor-version":[{"id":32696,"href":"https:\/\/leocare.eu\/fr\/wp-json\/wp\/v2\/posts\/29682\/revisions\/32696"}],"wp:featuredmedia":[{"embeddable":true,"href":"https:\/\/leocare.eu\/fr\/wp-json\/wp\/v2\/media\/29683"}],"wp:attachment":[{"href":"https:\/\/leocare.eu\/fr\/wp-json\/wp\/v2\/media?parent=29682"}],"wp:term":[{"taxonomy":"category","embeddable":true,"href":"https:\/\/leocare.eu\/fr\/wp-json\/wp\/v2\/categories?post=29682"},{"taxonomy":"post_tag","embeddable":true,"href":"https:\/\/leocare.eu\/fr\/wp-json\/wp\/v2\/tags?post=29682"}],"curies":[{"name":"wp","href":"https:\/\/api.w.org\/{rel}","templated":true}]}}