{"id":29632,"date":"2025-05-20T11:26:16","date_gmt":"2025-05-20T09:26:16","guid":{"rendered":"https:\/\/leocare.eu\/fr\/?p=29632"},"modified":"2026-03-26T16:07:53","modified_gmt":"2026-03-26T15:07:53","slug":"heures-creuses-voitures-electriques","status":"publish","type":"post","link":"https:\/\/leocare.eu\/fr\/blog\/heures-creuses-voitures-electriques\/","title":{"rendered":"Voiture \u00e9lectrique : bient\u00f4t des heures creuses pour recharger votre voiture \u00e9lectrique \u00e0 bas prix"},"content":{"rendered":"\n<p><em>Vous avez une <a href=\"https:\/\/leocare.eu\/fr\/assurance-auto-en-ligne\/electrique\/\">voiture \u00e9lectrique<\/a> ou vous h\u00e9sitez \u00e0 sauter le pas ? Bonne nouvelle : le gouvernement s\u2019attaque enfin \u00e0 la facture de recharge. Objectif ? Rendre la recharge bien plus abordable, mais aussi plus intelligente. Et c\u2019est pour bient\u00f4t.<\/em><\/p>\n\n\n\n<h2 class=\"wp-block-heading\">Recharger moins cher, c\u2019est possible<\/h2>\n\n\n\n<p>Aujourd\u2019hui, beaucoup de conducteurs branchent leur voiture en rentrant du travail. Vers 18h, tout le monde cuisine, chauffe sa maison, allume la t\u00e9l\u00e9. Bref, le r\u00e9seau \u00e9lectrique est en pleine \u00e9bullition. Et qui dit pic de consommation dit prix \u00e9lev\u00e9s. Mauvais timing !<\/p>\n\n\n\n<p>L\u2019id\u00e9e du gouvernement ? D\u00e9caler cette recharge \u00e0 des heures plus strat\u00e9giques. Comme en pleine nuit ou entre 11h et 17h, quand les panneaux solaires tournent \u00e0 plein. Ces moments sont moins demand\u00e9s, donc moins chers. Logique.<\/p>\n\n\n\n<h2 class=\"wp-block-heading\">Des heures creuses bien pens\u00e9es<\/h2>\n\n\n\n<p>Ces nouvelles plages horaires sont appel\u00e9es heures creuses. Elles tombent la nuit, les week-ends ou en plein apr\u00e8s-midi. C\u2019est pendant ces p\u00e9riodes que vous pourrez b\u00e9n\u00e9ficier des tarifs les plus doux. L\u2019id\u00e9e est simple : consommer quand l\u2019\u00e9lectricit\u00e9 est abondante.<\/p>\n\n\n\n<p>La recharge pilot\u00e9e deviendra bient\u00f4t la norme. Votre voiture saura toute seule quand se brancher pour payer moins. Plus besoin d\u2019y penser, plus de mauvaise surprise sur la facture. Un peu comme un four qui saurait pr\u00e9chauffer pile quand l\u2019\u00e9lectricit\u00e9 est bon march\u00e9. Pratique, non ?<\/p>\n\n\n\n<p>Si vous comptiez acheter la nouvelle voiture de Jeff Bezos, mieux vaudra aussi penser \u00e0 son mode de recharge. M\u00eame les stars doivent g\u00e9rer leur \u00e9nergie intelligemment.<\/p>\n\n\n\n<h2 class=\"wp-block-heading\">Des contrats adapt\u00e9s \u00e0 vos besoins<\/h2>\n\n\n\n<p>Pour que tout cela fonctionne, encore faut-il avoir le bon contrat. Certains fournisseurs d\u2019\u00e9nergie, comme TotalEnergies, proposent d\u00e9j\u00e0 des offres adapt\u00e9es. Mais l\u2019objectif du gouvernement est d\u2019aller plus loin. Et vite.<\/p>\n\n\n\n<p>En lien avec la Commission de r\u00e9gulation de l\u2019\u00e9nergie, l\u2019\u00c9tat veut encourager tous les acteurs \u00e0 proposer des tarifs plus flexibles. Des contrats intelligents, pens\u00e9s pour les voitures \u00e9lectriques. Avec des heures creuses bien cibl\u00e9es. Et des tarifs vraiment comp\u00e9titifs.<\/p>\n\n\n\n<p>Attention, tout n\u2019est pas encore ficel\u00e9. Le cadre r\u00e9glementaire se dessine. Les n\u00e9gociations avancent. Mais l\u2019objectif est clair : g\u00e9n\u00e9raliser ces offres d\u2019ici la fin de l\u2019ann\u00e9e.<\/p>\n\n\n\n<figure class=\"wp-block-image size-full\"><img decoding=\"async\" width=\"800\" height=\"398\" src=\"https:\/\/leocare.eu\/fr\/wp-content\/uploads\/2025\/01\/voiture-electrique-BMW.jpg\" alt=\"voiture electrique BMW\" class=\"wp-image-25820\" srcset=\"https:\/\/leocare.eu\/fr\/wp-content\/uploads\/2025\/01\/voiture-electrique-BMW.jpg 800w, https:\/\/leocare.eu\/fr\/wp-content\/uploads\/2025\/01\/voiture-electrique-BMW-300x149.jpg 300w, https:\/\/leocare.eu\/fr\/wp-content\/uploads\/2025\/01\/voiture-electrique-BMW-768x382.jpg 768w, https:\/\/leocare.eu\/fr\/wp-content\/uploads\/2025\/01\/voiture-electrique-BMW-575x286.jpg 575w, https:\/\/leocare.eu\/fr\/wp-content\/uploads\/2025\/01\/voiture-electrique-BMW-600x299.jpg 600w, https:\/\/leocare.eu\/fr\/wp-content\/uploads\/2025\/01\/voiture-electrique-BMW-700x348.jpg 700w, https:\/\/leocare.eu\/fr\/wp-content\/uploads\/2025\/01\/voiture-electrique-BMW-480x239.jpg 480w, https:\/\/leocare.eu\/fr\/wp-content\/uploads\/2025\/01\/voiture-electrique-BMW-515x256.jpg 515w, https:\/\/leocare.eu\/fr\/wp-content\/uploads\/2025\/01\/voiture-electrique-BMW-490x244.jpg 490w, https:\/\/leocare.eu\/fr\/wp-content\/uploads\/2025\/01\/voiture-electrique-BMW-360x179.jpg 360w, https:\/\/leocare.eu\/fr\/wp-content\/uploads\/2025\/01\/voiture-electrique-BMW-330x164.jpg 330w, https:\/\/leocare.eu\/fr\/wp-content\/uploads\/2025\/01\/voiture-electrique-BMW-173x86.jpg 173w, https:\/\/leocare.eu\/fr\/wp-content\/uploads\/2025\/01\/voiture-electrique-BMW-150x75.jpg 150w, https:\/\/leocare.eu\/fr\/wp-content\/uploads\/2025\/01\/voiture-electrique-BMW-100x50.jpg 100w, https:\/\/leocare.eu\/fr\/wp-content\/uploads\/2025\/01\/voiture-electrique-BMW-20x10.jpg 20w, https:\/\/leocare.eu\/fr\/wp-content\/uploads\/2025\/01\/voiture-electrique-BMW-40x20.jpg 40w, https:\/\/leocare.eu\/fr\/wp-content\/uploads\/2025\/01\/voiture-electrique-BMW-140x70.jpg 140w, https:\/\/leocare.eu\/fr\/wp-content\/uploads\/2025\/01\/voiture-electrique-BMW-200x100.jpg 200w, https:\/\/leocare.eu\/fr\/wp-content\/uploads\/2025\/01\/voiture-electrique-BMW-315x157.jpg 315w, https:\/\/leocare.eu\/fr\/wp-content\/uploads\/2025\/01\/voiture-electrique-BMW-704x350.jpg 704w, https:\/\/leocare.eu\/fr\/wp-content\/uploads\/2025\/01\/voiture-electrique-BMW-560x279.jpg 560w, https:\/\/leocare.eu\/fr\/wp-content\/uploads\/2025\/01\/voiture-electrique-BMW-623x310.jpg 623w, https:\/\/leocare.eu\/fr\/wp-content\/uploads\/2025\/01\/voiture-electrique-BMW-475x236.jpg 475w\" sizes=\"(max-width: 800px) 100vw, 800px\" \/><\/figure>\n\n\n\n<h2 class=\"wp-block-heading\">Une recharge partout, pour tout le monde<\/h2>\n\n\n\n<p>Recharger moins cher, c\u2019est bien. Recharger facilement, c\u2019est encore mieux. Le plan gouvernemental vise aussi \u00e0 am\u00e9liorer l\u2019acc\u00e8s aux bornes de recharge \u00e9lectriques. Objectif affich\u00e9 : 400 000 bornes publiques d\u2019ici 2030. Soit plus du double de ce que nous avons aujourd\u2019hui.<\/p>\n\n\n\n<p>Et pour \u00e9viter les mauvaises surprises, mieux vaut rester vigilant. Les arnaques aux QR codes sur les bornes se multiplient, alors ouvrez l\u2019\u0153il avant de brancher.<\/p>\n\n\n\n<p>Les copropri\u00e9t\u00e9s seront aussi concern\u00e9es. Les d\u00e9lais d\u2019installation des bornes seront r\u00e9duits \u00e0 six mois maximum apr\u00e8s le vote en assembl\u00e9e g\u00e9n\u00e9rale. Fini les longues attentes ou les dossiers qui tra\u00eenent.<\/p>\n\n\n\n<p>Autre nouveaut\u00e9 : toutes les infos sur les bornes (prix, disponibilit\u00e9, localisation) seront bient\u00f4t centralis\u00e9es. Vous pourrez comparer, choisir, planifier. Comme pour une r\u00e9servation de train ou un trajet en VTC. Simple et efficace.<\/p>\n\n\n\n<h2 class=\"wp-block-heading\">Ce qui change pour vous<\/h2>\n\n\n\n<p>Concr\u00e8tement, que va-t-il se passer ? D\u00e8s novembre 2025, les premi\u00e8res offres adapt\u00e9es aux super heures creuses verront le jour. D\u00e8s janvier 2027, elles s\u2019\u00e9tendront aux entreprises raccord\u00e9es en haute tension.<\/p>\n\n\n\n<p>Vous pourrez alors b\u00e9n\u00e9ficier de tarifs plus avantageux. Mais aussi de plus de confort et de libert\u00e9 dans votre recharge. Votre voiture saura optimiser son planning. Vous, vous pourrez dormir tranquille.<\/p>\n\n\n\n<p>Changer ses habitudes n\u2019est pas toujours facile. Mais ici, le jeu en vaut la chandelle. Moins de stress \u00e0 la fin du mois, plus de ma\u00eetrise sur vos d\u00e9penses. Et le tout en participant \u00e0 un r\u00e9seau \u00e9lectrique mieux r\u00e9gul\u00e9.<\/p>\n\n\n\n<h2 class=\"wp-block-heading\">L\u2019avenir de la recharge, c\u2019est maintenant<\/h2>\n\n\n\n<p>Ce changement n\u2019est pas anodin. Il touche \u00e0 la fa\u00e7on dont nous utilisons notre voiture. Mais aussi \u00e0 notre rapport \u00e0 l\u2019\u00e9lectricit\u00e9, car quand on cherche \u00e0 \u00e9conomiser sur ses factures, la mobilit\u00e9 fait aussi partie de l\u2019\u00e9quation.<\/p>\n\n\n\n<p>Et si vous vous demandez combien co\u00fbte la recharge d\u2019une voiture \u00e9lectrique, sachez que les nouvelles mesures pourraient bien changer la donne.<\/p>\n\n\n\n<p>D\u2019ailleurs, <a href=\"https:\/\/leocare.eu\/fr\/blog\/voiture-electrique-que-prevoit-la-france\/\">la France pr\u00e9voit dans les ann\u00e9es \u00e0 venir de renforcer ses engagements pour la voiture \u00e9lectrique<\/a>. Une strat\u00e9gie claire, avec des mesures concr\u00e8tes, pour que chacun puisse rouler plus propre, sans exploser son budget.<\/p>\n\n\n\n<p>Avec des outils simples, des contrats malins et un peu de bonne volont\u00e9, recharger sa voiture peut devenir un vrai geste malin.<\/p>\n\n\n\n<p>Vous n\u2019aurez plus besoin d\u2019y penser. Votre facture baissera, votre confort augmentera. Et la plan\u00e8te y gagnera aussi. Avouez que comme programme, c\u2019est plut\u00f4t sympa.<\/p>\n\n\n\n<p>Alors, pr\u00eat \u00e0 recharger autrement ?<\/p>\n","protected":false},"excerpt":{"rendered":"<p>Vous avez une voiture \u00e9lectrique ou vous h\u00e9sitez \u00e0 sauter le pas ? Bonne nouvelle : le gouvernement s\u2019attaque enfin \u00e0 la facture de recharge. Objectif ? Rendre la recharge bien plus abordable, mais aussi plus intelligente. Et c\u2019est pour bient\u00f4t. Recharger moins cher, c\u2019est possible Aujourd\u2019hui, beaucoup de conducteurs branchent leur voiture en rentrant [&hellip;]<\/p>\n","protected":false},"author":34,"featured_media":26465,"comment_status":"closed","ping_status":"open","sticky":false,"template":"","format":"standard","meta":{"_acf_changed":false,"footnotes":""},"categories":[19],"tags":[],"class_list":["post-29632","post","type-post","status-publish","format-standard","has-post-thumbnail","hentry","category-auto"],"acf":[],"yoast_head":"<!-- This site is optimized with the Yoast SEO plugin v27.3 - https:\/\/yoast.com\/product\/yoast-seo-wordpress\/ -->\n<title>Voiture \u00e9lectrique : bient\u00f4t des heures creuses pour recharger votre voiture \u00e9lectrique \u00e0 bas prix<\/title>\n<meta name=\"robots\" content=\"index, follow, max-snippet:-1, max-image-preview:large, max-video-preview:-1\" \/>\n<link rel=\"canonical\" href=\"https:\/\/leocare.eu\/fr\/blog\/heures-creuses-voitures-electriques\/\" \/>\n<meta property=\"og:locale\" content=\"fr_FR\" \/>\n<meta property=\"og:type\" content=\"article\" \/>\n<meta property=\"og:title\" content=\"Voiture \u00e9lectrique : bient\u00f4t des heures creuses pour recharger votre voiture \u00e9lectrique \u00e0 bas prix\" \/>\n<meta property=\"og:description\" content=\"Vous avez une voiture \u00e9lectrique ou vous h\u00e9sitez \u00e0 sauter le pas ? Bonne nouvelle : le gouvernement s\u2019attaque enfin \u00e0 la facture de recharge. Objectif ? Rendre la recharge bien plus abordable, mais aussi plus intelligente. Et c\u2019est pour bient\u00f4t. Recharger moins cher, c\u2019est possible Aujourd\u2019hui, beaucoup de conducteurs branchent leur voiture en rentrant [&hellip;]\" \/>\n<meta property=\"og:url\" content=\"https:\/\/leocare.eu\/fr\/blog\/heures-creuses-voitures-electriques\/\" \/>\n<meta property=\"og:site_name\" content=\"Leocare, assurance en ligne automobile et habitation\" \/>\n<meta property=\"article:published_time\" content=\"2025-05-20T09:26:16+00:00\" \/>\n<meta property=\"article:modified_time\" content=\"2026-03-26T15:07:53+00:00\" \/>\n<meta property=\"og:image\" content=\"https:\/\/leocare.eu\/fr\/wp-content\/uploads\/2025\/01\/prise-recharge-voiture-electrique.jpg\" \/>\n\t<meta property=\"og:image:width\" content=\"800\" \/>\n\t<meta property=\"og:image:height\" content=\"505\" \/>\n\t<meta property=\"og:image:type\" content=\"image\/jpeg\" \/>\n<meta name=\"author\" content=\"Christophe Djafar\" \/>\n<meta name=\"twitter:card\" content=\"summary_large_image\" \/>\n<meta name=\"twitter:creator\" content=\"@CLeocare\" \/>\n<meta name=\"twitter:label1\" content=\"Written by\" \/>\n\t<meta name=\"twitter:data1\" content=\"Christophe Djafar\" \/>\n\t<meta name=\"twitter:label2\" content=\"Est. reading time\" \/>\n\t<meta name=\"twitter:data2\" content=\"4 minutes\" \/>\n<!-- \/ Yoast SEO plugin. -->","yoast_head_json":{"title":"Voiture \u00e9lectrique : bient\u00f4t des heures creuses pour recharger votre voiture \u00e9lectrique \u00e0 bas prix","robots":{"index":"index","follow":"follow","max-snippet":"max-snippet:-1","max-image-preview":"max-image-preview:large","max-video-preview":"max-video-preview:-1"},"canonical":"https:\/\/leocare.eu\/fr\/blog\/heures-creuses-voitures-electriques\/","og_locale":"fr_FR","og_type":"article","og_title":"Voiture \u00e9lectrique : bient\u00f4t des heures creuses pour recharger votre voiture \u00e9lectrique \u00e0 bas prix","og_description":"Vous avez une voiture \u00e9lectrique ou vous h\u00e9sitez \u00e0 sauter le pas ? Bonne nouvelle : le gouvernement s\u2019attaque enfin \u00e0 la facture de recharge. Objectif ? Rendre la recharge bien plus abordable, mais aussi plus intelligente. Et c\u2019est pour bient\u00f4t. Recharger moins cher, c\u2019est possible Aujourd\u2019hui, beaucoup de conducteurs branchent leur voiture en rentrant [&hellip;]","og_url":"https:\/\/leocare.eu\/fr\/blog\/heures-creuses-voitures-electriques\/","og_site_name":"Leocare, assurance en ligne automobile et habitation","article_published_time":"2025-05-20T09:26:16+00:00","article_modified_time":"2026-03-26T15:07:53+00:00","og_image":[{"width":800,"height":505,"url":"https:\/\/leocare.eu\/fr\/wp-content\/uploads\/2025\/01\/prise-recharge-voiture-electrique.jpg","type":"image\/jpeg"}],"author":"Christophe Djafar","twitter_card":"summary_large_image","twitter_creator":"@CLeocare","twitter_misc":{"Written by":"Christophe Djafar","Est. reading time":"4 minutes"},"schema":{"@context":"https:\/\/schema.org","@graph":[{"@type":"Article","@id":"https:\/\/leocare.eu\/fr\/blog\/heures-creuses-voitures-electriques\/#article","isPartOf":{"@id":"https:\/\/leocare.eu\/fr\/blog\/heures-creuses-voitures-electriques\/"},"author":{"name":"Christophe Djafar","@id":"https:\/\/leocare.eu\/fr\/#\/schema\/person\/2ae46a67e6e4a1ddf1c1a23e9b051e46"},"headline":"Voiture \u00e9lectrique : bient\u00f4t des heures creuses pour recharger votre voiture \u00e9lectrique \u00e0 bas prix","datePublished":"2025-05-20T09:26:16+00:00","dateModified":"2026-03-26T15:07:53+00:00","mainEntityOfPage":{"@id":"https:\/\/leocare.eu\/fr\/blog\/heures-creuses-voitures-electriques\/"},"wordCount":836,"publisher":{"@id":"https:\/\/leocare.eu\/fr\/#organization"},"image":{"@id":"https:\/\/leocare.eu\/fr\/blog\/heures-creuses-voitures-electriques\/#primaryimage"},"thumbnailUrl":"https:\/\/leocare.eu\/fr\/wp-content\/uploads\/2025\/01\/prise-recharge-voiture-electrique.jpg","articleSection":["Auto"],"inLanguage":"fr-FR"},{"@type":"WebPage","@id":"https:\/\/leocare.eu\/fr\/blog\/heures-creuses-voitures-electriques\/","url":"https:\/\/leocare.eu\/fr\/blog\/heures-creuses-voitures-electriques\/","name":"Voiture \u00e9lectrique : bient\u00f4t des heures creuses pour recharger votre voiture \u00e9lectrique \u00e0 bas prix","isPartOf":{"@id":"https:\/\/leocare.eu\/fr\/#website"},"primaryImageOfPage":{"@id":"https:\/\/leocare.eu\/fr\/blog\/heures-creuses-voitures-electriques\/#primaryimage"},"image":{"@id":"https:\/\/leocare.eu\/fr\/blog\/heures-creuses-voitures-electriques\/#primaryimage"},"thumbnailUrl":"https:\/\/leocare.eu\/fr\/wp-content\/uploads\/2025\/01\/prise-recharge-voiture-electrique.jpg","datePublished":"2025-05-20T09:26:16+00:00","dateModified":"2026-03-26T15:07:53+00:00","breadcrumb":{"@id":"https:\/\/leocare.eu\/fr\/blog\/heures-creuses-voitures-electriques\/#breadcrumb"},"inLanguage":"fr-FR","potentialAction":[{"@type":"ReadAction","target":["https:\/\/leocare.eu\/fr\/blog\/heures-creuses-voitures-electriques\/"]}]},{"@type":"ImageObject","inLanguage":"fr-FR","@id":"https:\/\/leocare.eu\/fr\/blog\/heures-creuses-voitures-electriques\/#primaryimage","url":"https:\/\/leocare.eu\/fr\/wp-content\/uploads\/2025\/01\/prise-recharge-voiture-electrique.jpg","contentUrl":"https:\/\/leocare.eu\/fr\/wp-content\/uploads\/2025\/01\/prise-recharge-voiture-electrique.jpg","width":800,"height":505,"caption":"prise recharge voiture electrique"},{"@type":"WebSite","@id":"https:\/\/leocare.eu\/fr\/#website","url":"https:\/\/leocare.eu\/fr\/","name":"Leocare, assurance en ligne automobile et habitation","description":"enfin (r)assur\u00e9.e","publisher":{"@id":"https:\/\/leocare.eu\/fr\/#organization"},"potentialAction":[{"@type":"SearchAction","target":{"@type":"EntryPoint","urlTemplate":"https:\/\/leocare.eu\/fr\/?s={search_term_string}"},"query-input":{"@type":"PropertyValueSpecification","valueRequired":true,"valueName":"search_term_string"}}],"inLanguage":"fr-FR"},{"@type":"Organization","@id":"https:\/\/leocare.eu\/fr\/#organization","name":"Leocare, assurance en ligne automobile et habitation","url":"https:\/\/leocare.eu\/fr\/","logo":{"@type":"ImageObject","inLanguage":"fr-FR","@id":"https:\/\/leocare.eu\/fr\/#\/schema\/logo\/image\/","url":"https:\/\/leocare.eu\/fr\/wp-content\/uploads\/2020\/03\/logo-leocare.svg","contentUrl":"https:\/\/leocare.eu\/fr\/wp-content\/uploads\/2020\/03\/logo-leocare.svg","caption":"Leocare, assurance en ligne automobile et habitation"},"image":{"@id":"https:\/\/leocare.eu\/fr\/#\/schema\/logo\/image\/"}},{"@type":"Person","@id":"https:\/\/leocare.eu\/fr\/#\/schema\/person\/2ae46a67e6e4a1ddf1c1a23e9b051e46","name":"Christophe Djafar","image":{"@type":"ImageObject","inLanguage":"fr-FR","@id":"https:\/\/secure.gravatar.com\/avatar\/f95e26e67f535c99be6be8aeaadeaed9dc903535bf9d28c33f961779ac9e4be0?s=96&d=mm&r=g","url":"https:\/\/secure.gravatar.com\/avatar\/f95e26e67f535c99be6be8aeaadeaed9dc903535bf9d28c33f961779ac9e4be0?s=96&d=mm&r=g","contentUrl":"https:\/\/secure.gravatar.com\/avatar\/f95e26e67f535c99be6be8aeaadeaed9dc903535bf9d28c33f961779ac9e4be0?s=96&d=mm&r=g","caption":"Christophe Djafar"},"sameAs":["https:\/\/wwww.leocare.eu","https:\/\/x.com\/CLeocare"],"url":"https:\/\/leocare.eu\/fr\/blog\/author\/christophe-djafar\/"}]}},"_links":{"self":[{"href":"https:\/\/leocare.eu\/fr\/wp-json\/wp\/v2\/posts\/29632","targetHints":{"allow":["GET"]}}],"collection":[{"href":"https:\/\/leocare.eu\/fr\/wp-json\/wp\/v2\/posts"}],"about":[{"href":"https:\/\/leocare.eu\/fr\/wp-json\/wp\/v2\/types\/post"}],"author":[{"embeddable":true,"href":"https:\/\/leocare.eu\/fr\/wp-json\/wp\/v2\/users\/34"}],"replies":[{"embeddable":true,"href":"https:\/\/leocare.eu\/fr\/wp-json\/wp\/v2\/comments?post=29632"}],"version-history":[{"count":10,"href":"https:\/\/leocare.eu\/fr\/wp-json\/wp\/v2\/posts\/29632\/revisions"}],"predecessor-version":[{"id":40338,"href":"https:\/\/leocare.eu\/fr\/wp-json\/wp\/v2\/posts\/29632\/revisions\/40338"}],"wp:featuredmedia":[{"embeddable":true,"href":"https:\/\/leocare.eu\/fr\/wp-json\/wp\/v2\/media\/26465"}],"wp:attachment":[{"href":"https:\/\/leocare.eu\/fr\/wp-json\/wp\/v2\/media?parent=29632"}],"wp:term":[{"taxonomy":"category","embeddable":true,"href":"https:\/\/leocare.eu\/fr\/wp-json\/wp\/v2\/categories?post=29632"},{"taxonomy":"post_tag","embeddable":true,"href":"https:\/\/leocare.eu\/fr\/wp-json\/wp\/v2\/tags?post=29632"}],"curies":[{"name":"wp","href":"https:\/\/api.w.org\/{rel}","templated":true}]}}